{"id":1305,"date":"2013-10-25T16:23:00","date_gmt":"2013-10-25T16:23:00","guid":{"rendered":"http:\/\/conradargo.me\/?p=1305"},"modified":"2026-03-18T13:53:29","modified_gmt":"2026-03-18T13:53:29","slug":"antligen-fredag","status":"publish","type":"post","link":"https:\/\/conradargo.me\/?p=1305","title":{"rendered":"\u00c4ntligen fredag"},"content":{"rendered":"<h3 id=\"dag21\">Dag 21,<\/h3>\n<p>Det \u00e4r \u00e4ntligen fredag, helgen \u00e4r h\u00e4r! Den h\u00e4r veckan har nog faktiskt varit den mest speedade hittills, s\u00e5 snabbt som dagarna har flugit f\u00f6rbi. Det har f\u00f6rst\u00e5s med alla l\u00e4xor och allt plugg att g\u00f6ra \ud83d\ude09 Men tiden <em>g\u00e5r<\/em> ju ocks\u00e5 fort n\u00e4r man har roligt, och roligt har jag &#8211; det r\u00e5der det inget snack om! Idag var det faktiskt v\u00e4ldigt underh\u00e5llande lektionstid, trots bristen p\u00e5 s\u00f6mn d\u00e5 jag satt med l\u00e4xor tills midnatt och sedan klev upp kl 05.40 f\u00f6r att bli helt f\u00e4rdig. Men allt det som jag den h\u00e4r g\u00e5ngen satt och l\u00e4ste extra om i l\u00e4roboken &#8211; den d\u00e4r biten som jag tidigare har missat &#8211; gjorde att det gick mycket l\u00e4ttare att h\u00e4nga med i saker!<\/p>\n<p><img decoding=\"async\" src=\"http:\/\/i.imgur.com\/Q3uu4C5l.jpg\" alt=\"Dagens lektionsbild\" \/><\/p>\n<p>Dessutom utnyttjar jag numera \u00e4ven tiden p\u00e5 t\u00e5get till att just studera grammatiken och \u00f6va p\u00e5 nya ord, ist\u00e4llet f\u00f6r att spela p\u00e5 min 3DS \ud83d\ude42 Med tanke p\u00e5 att jag \u00e5ker t\u00e5g i drygt en timme varje dag s\u00e5 blir det ju en del extra studerande! Samma sak med resan till gymmet som \u00e4ven den tar drygt en timme fram och \u00e5ter. Kul att h\u00e4nga med i l\u00e4roboken p\u00e5 det h\u00e4r viset! K\u00e4nns precis som n\u00e4r jag satt hemma med Genki-boken och det \u00e4r en bra k\u00e4nsla, s\u00e5 f\u00f6rhoppningsvis kommer lektionerna att bli b\u00e5de roligare och enklare fram\u00f6ver n\u00e4r jag nu investerar den h\u00e4r extra tiden p\u00e5 att g\u00f6ra om och g\u00f6r r\u00e4tt \ud83d\ude00<\/p>\n<p><img decoding=\"async\" src=\"http:\/\/i.imgur.com\/oQrVU4Xl.jpg\" alt=\"Plugget p\u00e5 t\u00e5get\" \/><\/p>\n<p>Glad i h\u00e5gen \u00e4r jag \u00e4ven f\u00f6r att jag <em>\u00e4ntligen<\/em> har f\u00e5tt paket till huset! Har g\u00e5tt och v\u00e4ntat i tre veckor p\u00e5 att f\u00e5 mina tr\u00e4ningsprylar som jag best\u00e4llde fr\u00e5n USA en vecka innan avresa och idag blev det slutligen levererat \ud83d\ude42 Nya handskar, en praktisk vattenflaska samt shaker, v\u00e4ska som enkelt bara sl\u00e4ngs \u00f6ver axeln samt en <em>stor<\/em> f\u00f6rpackning med proteinpulver!<\/p>\n<p><img decoding=\"async\" src=\"http:\/\/imgur.com\/ysEb5nJ\" alt=\"Pakeeeet\" \/><\/p>\n<p>En annan sak som k\u00e4nns rolig \u00e4r hur utgifterna nu b\u00f6rjar plana ut \ud83d\ude42 Tagit mig tiden till att r\u00e4kna ihop <em>f\u00f6rra<\/em> veckans kvitton, eftersom det snart b\u00f6rjar bli dags f\u00f6r den <em>h\u00e4r<\/em> veckans sammanst\u00e4llning, och utgifterna landade p\u00e5 3200kr &#8211; med den nya cykeln inr\u00e4knad som trots allt gick p\u00e5 1200kr. Och nu \u00e4r det ju faktiskt \u00e4nd\u00e5 3 veckor sedan jag kom till landet, s\u00e5 snart b\u00f6rjar en ny m\u00e5nad med en ny budget &#8211; som faktiskt ser ut att kunna ha lite extra pengar fr\u00e5n den h\u00e4r m\u00e5naden! F\u00f6r jag hade ju r\u00e4knat med extrautgifter just i oktober m\u00e5nad, med tanke p\u00e5 allt som beh\u00f6vde inf\u00f6rskaffas vad g\u00e4ller m\u00e5nadskort f\u00f6r kollektivtrafik och gym samt en ny cykel. Blir skoj att f\u00e5 &#8220;b\u00f6rja om&#8221; och faktiskt ha en mer normal m\u00e5nad d\u00e5, med mer normalstora utgifter s\u00e5 att man l\u00e4ttare kan r\u00e4kna p\u00e5 hur pass mycket man egentligen lever p\u00e5 varje vecka \ud83d\ude42<\/p>\n<p>Men nu ska jag ta och plocka fram lite chips och s\u00e4tta mig och se en film innan jag g\u00f6r en &#8220;tidig&#8221; kv\u00e4ll, eftersom jag \u00e4r enormt tr\u00f6tt efter den h\u00e4r pr\u00f6vande veckan! Imorgon kommer jag inte att g\u00f6ra n\u00e5gonting s\u00e4rskilt alls, utan bara se till att f\u00e5 ordning i rummet &#8211; vars bord och stolar h\u00e5ller en hel del grejer som jag tillf\u00e4lligt har placerat d\u00e4r f\u00f6r att inte gl\u00f6mma bort att l\u00e5ta hamna p\u00e5 r\u00e4tt plats s\u00e5 snart som jag f\u00e5r tid till det (bland annat viktiga papper fr\u00e5n skolan, registreringsbevis fr\u00e5n kommunen och diverse praktiska sm\u00e5prylar jag handlat). St\u00e4da upp och plugga, s\u00e5 ser morgondagens schema allts\u00e5 ut!<\/p>\n<p>Ha en trevlig helg allesammans, vi h\u00f6rs igen imorgon \ud83d\ude00 Och som sagt &#8211; har ni n\u00e5gra fler fr\u00e5gor att st\u00e4lla om livet h\u00e4r i Japan s\u00e5 bara h\u00f6r av er p\u00e5 conradargo@gmail.com s\u00e5 tar jag upp dem i mitt bloggande ^^<\/p>\n<p><em>PS.<\/em> Om n\u00e5gra av bilderna ser lite oskarpa ut s\u00e5 beror detta p\u00e5 skitv\u00e4dret som varit h\u00e4r idag! Har n\u00e4mligen haft mobilen i en vattent\u00e4t plastficka och fotat genom denna \ud83d\ude1b<\/p>\n<p><img decoding=\"async\" src=\"http:\/\/i.imgur.com\/otFSSnUl.jpg\" alt=\"Dagens bild 1\" \/><\/p>\n<p><img decoding=\"async\" src=\"http:\/\/i.imgur.com\/NFwKQ5ul.jpg\" alt=\"Dagens bild 2\" \/><\/p>\n<p><img decoding=\"async\" src=\"http:\/\/i.imgur.com\/17QTkutl.jpg\" alt=\"Dagens bild 3\" \/><\/p>\n<p><img decoding=\"async\" src=\"http:\/\/i.imgur.com\/ywFHuqzl.jpg\" alt=\"Dagens bild 4\" \/><\/p>\n<p><img decoding=\"async\" src=\"http:\/\/i.imgur.com\/Vj9yCjLl.jpg\" alt=\"Dagens bild 5\" \/><\/p>\n<p><img decoding=\"async\" src=\"http:\/\/i.imgur.com\/gXL01u1l.jpg\" alt=\"Dagens bild 6\" \/><\/p>\n<p><img decoding=\"async\" src=\"http:\/\/i.imgur.com\/ROdkklGl.jpg\" alt=\"Dagens bild 7\" \/><\/p>\n<p><img decoding=\"async\" src=\"http:\/\/i.imgur.com\/o98DEmVl.jpg\" alt=\"Dagens bild 8\" \/><\/p>\n<p><img decoding=\"async\" src=\"http:\/\/i.imgur.com\/BKCbrDvl.jpg\" alt=\"Dagens bild 9\" \/><\/p>\n","protected":false},"excerpt":{"rendered":"<p>Dag 21, Det \u00e4r \u00e4ntligen fredag, helgen \u00e4r h\u00e4r! Den h\u00e4r veckan har nog faktiskt varit den mest speedade hittills, s\u00e5 snabbt som dagarna har flugit f\u00f6rbi. Det har f\u00f6rst\u00e5s med alla l\u00e4xor och allt plugg att g\u00f6ra \ud83d\ude09 Men tiden g\u00e5r ju ocks\u00e5 fort n\u00e4r man har roligt, och roligt har jag &#8211; det r\u00e5der det inget snack om! Idag var det faktiskt v\u00e4ldigt underh\u00e5llande lektionstid, trots bristen p\u00e5 s\u00f6mn d\u00e5 jag satt med l\u00e4xor tills midnatt och sedan&#8230;<\/p>\n","protected":false},"author":1,"featured_media":0,"comment_status":"open","ping_status":"open","sticky":false,"template":"","format":"standard","meta":{"footnotes":""},"categories":[1],"tags":[],"class_list":["post-1305","post","type-post","status-publish","format-standard","hentry","category-uncategorized"],"_links":{"self":[{"href":"https:\/\/conradargo.me\/index.php?rest_route=\/wp\/v2\/posts\/1305","targetHints":{"allow":["GET"]}}],"collection":[{"href":"https:\/\/conradargo.me\/index.php?rest_route=\/wp\/v2\/posts"}],"about":[{"href":"https:\/\/conradargo.me\/index.php?rest_route=\/wp\/v2\/types\/post"}],"author":[{"embeddable":true,"href":"https:\/\/conradargo.me\/index.php?rest_route=\/wp\/v2\/users\/1"}],"replies":[{"embeddable":true,"href":"https:\/\/conradargo.me\/index.php?rest_route=%2Fwp%2Fv2%2Fcomments&post=1305"}],"version-history":[{"count":1,"href":"https:\/\/conradargo.me\/index.php?rest_route=\/wp\/v2\/posts\/1305\/revisions"}],"predecessor-version":[{"id":1471,"href":"https:\/\/conradargo.me\/index.php?rest_route=\/wp\/v2\/posts\/1305\/revisions\/1471"}],"wp:attachment":[{"href":"https:\/\/conradargo.me\/index.php?rest_route=%2Fwp%2Fv2%2Fmedia&parent=1305"}],"wp:term":[{"taxonomy":"category","embeddable":true,"href":"https:\/\/conradargo.me\/index.php?rest_route=%2Fwp%2Fv2%2Fcategories&post=1305"},{"taxonomy":"post_tag","embeddable":true,"href":"https:\/\/conradargo.me\/index.php?rest_route=%2Fwp%2Fv2%2Ftags&post=1305"}],"curies":[{"name":"wp","href":"https:\/\/api.w.org\/{rel}","templated":true}]}}