{"id":1335,"date":"2013-11-27T22:25:00","date_gmt":"2013-11-27T22:25:00","guid":{"rendered":"http:\/\/conradargo.me\/?p=1335"},"modified":"2026-03-18T10:32:14","modified_gmt":"2026-03-18T10:32:14","slug":"syrebrist-i-hjarnan-2","status":"publish","type":"post","link":"https:\/\/conradargo.me\/?p=1335","title":{"rendered":"Syrebrist i hj\u00e4rnan"},"content":{"rendered":"<h3 id=\"dag54\">Dag 54,<\/h3>\n<p>Orkar inte skriva mer \u00e4n s\u00e5 h\u00e4r -_-&#8216;<\/p>\n<p>Tre bilder fr\u00e5n idag:<\/p>\n<p><img decoding=\"async\" src=\"http:\/\/i.imgur.com\/sLbO5Ail.jpg?1\" alt=\"Energi\" \/><\/p>\n<p>Beh\u00f6vde energi, k\u00f6pte denna f\u00f6r 3kr. Liten men naggande god vill jag lova \ud83d\ude42<\/p>\n<p><img decoding=\"async\" src=\"http:\/\/i.imgur.com\/R2SNs5Yl.jpg\" alt=\"Tr\u00e4nad\" \/><\/p>\n<p>Tr\u00e4ningsdag idag. Ska l\u00e4gga om schemat igen har jag best\u00e4mt mig f\u00f6r, blir varannan dag numera ist\u00e4llet f\u00f6r fredag, l\u00f6rdag och s\u00f6ndag. Orkar inte riktigt med det varken fysiskt eller psykiskt.<\/p>\n<p>Hoppas att fysisk aktivitet direkt efter skolan (tar med mig v\u00e4skan dit och \u00e5ker buss d\u00e4rifr\u00e5n till gymmet) p\u00e5 m\u00e5ndagar, onsdagar och fredagar ska g\u00f6ra en del f\u00f6r s\u00e5v\u00e4l kroppen som knoppen.<\/p>\n<p><img decoding=\"async\" src=\"http:\/\/i.imgur.com\/Qg2B1Tyl.jpg\" alt=\"Middag\" \/><\/p>\n<p>Dagens middag! Blev en riktigt god gryta, speciellt n\u00e4r man varit och tr\u00e4nat.<\/p>\n<p>Tack till Ingmar f\u00f6r &#8220;terapisamtalet&#8221; p\u00e5 Skype &lt;3 ^^<\/p>\n<p>Nattinatt.<\/p>\n<p>2013-11-27 22:25<\/p>\n","protected":false},"excerpt":{"rendered":"<p>Dag 54, Orkar inte skriva mer \u00e4n s\u00e5 h\u00e4r -_-&#8216; Tre bilder fr\u00e5n idag: Beh\u00f6vde energi, k\u00f6pte denna f\u00f6r 3kr. Liten men naggande god vill jag lova \ud83d\ude42 Tr\u00e4ningsdag idag. Ska l\u00e4gga om schemat igen har jag best\u00e4mt mig f\u00f6r, blir varannan dag numera ist\u00e4llet f\u00f6r fredag, l\u00f6rdag och s\u00f6ndag. Orkar inte riktigt med det varken fysiskt eller psykiskt. Hoppas att fysisk aktivitet direkt efter skolan (tar med mig v\u00e4skan dit och \u00e5ker buss d\u00e4rifr\u00e5n till gymmet) p\u00e5 m\u00e5ndagar, onsdagar&#8230;<\/p>\n","protected":false},"author":1,"featured_media":0,"comment_status":"open","ping_status":"open","sticky":false,"template":"","format":"standard","meta":{"footnotes":""},"categories":[1],"tags":[],"class_list":["post-1335","post","type-post","status-publish","format-standard","hentry","category-uncategorized"],"_links":{"self":[{"href":"https:\/\/conradargo.me\/index.php?rest_route=\/wp\/v2\/posts\/1335","targetHints":{"allow":["GET"]}}],"collection":[{"href":"https:\/\/conradargo.me\/index.php?rest_route=\/wp\/v2\/posts"}],"about":[{"href":"https:\/\/conradargo.me\/index.php?rest_route=\/wp\/v2\/types\/post"}],"author":[{"embeddable":true,"href":"https:\/\/conradargo.me\/index.php?rest_route=\/wp\/v2\/users\/1"}],"replies":[{"embeddable":true,"href":"https:\/\/conradargo.me\/index.php?rest_route=%2Fwp%2Fv2%2Fcomments&post=1335"}],"version-history":[{"count":1,"href":"https:\/\/conradargo.me\/index.php?rest_route=\/wp\/v2\/posts\/1335\/revisions"}],"predecessor-version":[{"id":1463,"href":"https:\/\/conradargo.me\/index.php?rest_route=\/wp\/v2\/posts\/1335\/revisions\/1463"}],"wp:attachment":[{"href":"https:\/\/conradargo.me\/index.php?rest_route=%2Fwp%2Fv2%2Fmedia&parent=1335"}],"wp:term":[{"taxonomy":"category","embeddable":true,"href":"https:\/\/conradargo.me\/index.php?rest_route=%2Fwp%2Fv2%2Fcategories&post=1335"},{"taxonomy":"post_tag","embeddable":true,"href":"https:\/\/conradargo.me\/index.php?rest_route=%2Fwp%2Fv2%2Ftags&post=1335"}],"curies":[{"name":"wp","href":"https:\/\/api.w.org\/{rel}","templated":true}]}}