{"id":1353,"date":"2014-01-02T22:40:00","date_gmt":"2014-01-02T22:40:00","guid":{"rendered":"http:\/\/conradargo.me\/?p=1353"},"modified":"2014-01-02T22:40:00","modified_gmt":"2014-01-02T22:40:00","slug":"jag-kommer-hem-igen-till-jul","status":"publish","type":"post","link":"https:\/\/conradargo.me\/?p=1353","title":{"rendered":"&#8220;Jag kommer hem igen till jul&#8221;"},"content":{"rendered":"<h3 id=\"dag89\">Dag 89,<\/h3>\n<p>Ist\u00e4llet f\u00f6r att b\u00f6rja prata om <em>idag<\/em>, t\u00e4nkte jag ist\u00e4llet hoppa ett par m\u00e5nader fram\u00e5t i tiden &#8211; n\u00e4rmare best\u00e4mt till v\u00e5ren. Familjemedlemmarna vet redan om detta, ett par av mina v\u00e4nner likas\u00e5 och i f\u00f6rrg\u00e5r n\u00e4r jag publicerade en \u00e5rsspecial i min YouTube-kanal <a href=\"http:\/\/www.youtube.com\/user\/ConraDargoRecenserar\">ConraDargo Recenserar<\/a>, fick \u00e4ven alla mina tittare veta att precis som hur J\u00f6back sjunger om att <a href=\"http:\/\/www.youtube.com\/watch?v=S_uymbdSN1E\">komma hem igen till jul<\/a>, s\u00e5 kommer \u00e4ven jag hem igen &#8211; till v\u00e5ren.<\/p>\n<p>Det finns fler \u00e4n en anledning till varf\u00f6r jag v\u00e4ljer att faktiskt avsluta min vistelse h\u00e4r tidigare \u00e4n planerat, men den absolut fr\u00e4msta \u00e4r hur pass m\u00f6dosamma dock \u00e4ven <em>givande<\/em> studierna h\u00e4r \u00e4r. F\u00f6r p\u00e5 3 m\u00e5nader har man redan tryckt i oss elever samma kunskap som ett halv\u00e5rs utbildning p\u00e5 en <em>&#8220;enklare&#8221;<\/em> spr\u00e5kskola hade gjort och \u00e4n kvarst\u00e5r ju 3 m\u00e5nader av den h\u00e4r terminen. Men att g\u00e5 igenom 3 kapitel per vecka d\u00e4r varje kapitel t\u00e4cker 15-20st glosor, 10-15st kanji och 3-5 nya former eller s\u00e4tt att s\u00e4ga saker p\u00e5, \u00e4r verkligen inte det l\u00e4ttaste och \u00e4ven om jag absolut l\u00e4r mig n\u00e5gonting nytt varje vecka, s\u00e5 \u00e4r det ocks\u00e5 mycket som <em>inte<\/em> fastnar p\u00e5 grund av hur man inte hinner med att vare sig ta in eller ens repetera allt. Det finns liksom en anledning till varf\u00f6r jag kliver upp kl 8 p\u00e5 morgonen varje helg och pluggar och har gjort s\u00e5 \u00e4ven nu under vinterlovets dagar&#8230;<\/p>\n<p>S\u00e5ledes fattade jag beslutet f\u00f6r n\u00e5gon vecka sedan att \u00e5terv\u00e4nda efter denna termin, som allts\u00e5 tar slut i mars. D\u00e4refter planerar jag att f\u00f6rs\u00f6ka stanna kvar h\u00e4r i allt fr\u00e5n bara 1 vecka upp till en m\u00e5nad extra, beroende p\u00e5 hur jag kan bo d\u00e5 det h\u00e4r huset som jag nu hyr ett rum i fr\u00e4mst \u00e4r till f\u00f6r studerande. S\u00e5ledes h\u00e5ller jag p\u00e5 att \u00f6verv\u00e4ga alla de alternativ som jag har i form av g\u00e4sthus, vandrarhem, v\u00e4rdfamiljer och s\u00e5 vidare. Varf\u00f6r jag vill stanna kvar \u00e4ven <em>efter<\/em> att studierna har avslutats \u00e4r ju sj\u00e4lvklart f\u00f6r att f\u00e5 se och uppleva s\u00e5 mycket som m\u00f6jligt av allt det som landet har att erbjuda &#8211; n\u00e4r jag slutligen kan koppla av och inte hela tiden beh\u00f6ver t\u00e4nka p\u00e5 l\u00e4xor och repetition \ud83d\ude42<\/p>\n<p>V\u00e4l hemma igen ser jag v\u00e4ldigt mycket fram emot att f\u00e5 \u00e5teruppta mina sj\u00e4lvstudier och repetera allting som skolan har l\u00e4rt mig in i minsta detalj! F\u00f6r den h\u00e4r skoltiden ska jag givetvis ta v\u00e4l tillvara p\u00e5 \u00e4ven n\u00e4r jag \u00e4r tillbaka i Sverige &#8211; jag har ju som sagt fortfarande f\u00e5tt l\u00e4ra mig mycket redan och har flera m\u00e5nader kvar att f\u00f6rs\u00f6ka trycka in \u00e4n fler ord, kanji och uttryck p\u00e5 som jag absolut inte har f\u00f6r avsikt att bara f\u00f6rsaka \ud83d\ude00 F\u00f6r att inte tala om allt som jag ska f\u00e5 se och uppleva!<\/p>\n<p>S\u00e5 \u00e4ven om det givetvis k\u00e4nns tr\u00e5kigt att komma hem tidigare \u00e4n planerat, vill jag inte att n\u00e5gon h\u00e4nger l\u00e4pp f\u00f6r det eftersom jag inte g\u00f6r det sj\u00e4lv! Kul har det varit och \u00e4n roligare ska jag ha det under de h\u00e4r sista m\u00e5naderna \ud83d\ude42 Ser som sagt fram emot att forts\u00e4tta l\u00e4ra mig nya saker \u00e4ven p\u00e5 egen hand och nu n\u00e4r jag dessutom har varit h\u00e4r i landet <em>en<\/em> g\u00e5ng, s\u00e5 k\u00e4nner jag mig v\u00e4ldigt bekv\u00e4m med att \u00e5terv\u00e4nda hit i framtiden &#8211; oavsett hur l\u00e5nga eller korta dessa bes\u00f6k (i plural!) blir \ud83d\ude00 Det finns ju trots allt mycket med det h\u00e4r landet att sakna n\u00e4r man v\u00e4l har l\u00e4mnat det, s\u00e5 \u00e4r det ju.<\/p>\n<p>Och p\u00e5 tal om att sakna s\u00e5 blir det sj\u00e4lvklart j\u00e4tteroligt att f\u00e5 tr\u00e4ffa familjen samt alla mina fina v\u00e4nner igen &lt;3<\/p>\n<p>Nu blev ju dagens inl\u00e4gg kanske inte det muntraste att l\u00e4sa, s\u00e5 d\u00e4rf\u00f6r l\u00e4mnar jag er med \u00e5tminstone <em>tv\u00e5<\/em> bilder: den ena med en s\u00f6t-ilsken kanin som pryder ett litet fotoalbum och den andra med tv\u00e5 otroligt mysfina Studio Ghibli-tygp\u00e5sar ^^<\/p>\n<p><img decoding=\"async\" src=\"http:\/\/i.imgur.com\/z99YrRVl.jpg\" alt=\"Ninen\" \/><\/p>\n<p><img decoding=\"async\" src=\"http:\/\/i.imgur.com\/fL6SSSjl.jpg\" alt=\"P\u00e5sar\" \/><\/p>\n<h6 id=\"201401022240\">2014-01-02 22:40<\/h6>\n","protected":false},"excerpt":{"rendered":"<p>Dag 89, Ist\u00e4llet f\u00f6r att b\u00f6rja prata om idag, t\u00e4nkte jag ist\u00e4llet hoppa ett par m\u00e5nader fram\u00e5t i tiden &#8211; n\u00e4rmare best\u00e4mt till v\u00e5ren. Familjemedlemmarna vet redan om detta, ett par av mina v\u00e4nner likas\u00e5 och i f\u00f6rrg\u00e5r n\u00e4r jag publicerade en \u00e5rsspecial i min YouTube-kanal ConraDargo Recenserar, fick \u00e4ven alla mina tittare veta att precis som hur J\u00f6back sjunger om att komma hem igen till jul, s\u00e5 kommer \u00e4ven jag hem igen &#8211; till v\u00e5ren. Det finns fler \u00e4n&#8230;<\/p>\n","protected":false},"author":1,"featured_media":0,"comment_status":"open","ping_status":"open","sticky":false,"template":"","format":"standard","meta":{"footnotes":""},"categories":[1],"tags":[],"class_list":["post-1353","post","type-post","status-publish","format-standard","hentry","category-uncategorized"],"_links":{"self":[{"href":"https:\/\/conradargo.me\/index.php?rest_route=\/wp\/v2\/posts\/1353","targetHints":{"allow":["GET"]}}],"collection":[{"href":"https:\/\/conradargo.me\/index.php?rest_route=\/wp\/v2\/posts"}],"about":[{"href":"https:\/\/conradargo.me\/index.php?rest_route=\/wp\/v2\/types\/post"}],"author":[{"embeddable":true,"href":"https:\/\/conradargo.me\/index.php?rest_route=\/wp\/v2\/users\/1"}],"replies":[{"embeddable":true,"href":"https:\/\/conradargo.me\/index.php?rest_route=%2Fwp%2Fv2%2Fcomments&post=1353"}],"version-history":[{"count":0,"href":"https:\/\/conradargo.me\/index.php?rest_route=\/wp\/v2\/posts\/1353\/revisions"}],"wp:attachment":[{"href":"https:\/\/conradargo.me\/index.php?rest_route=%2Fwp%2Fv2%2Fmedia&parent=1353"}],"wp:term":[{"taxonomy":"category","embeddable":true,"href":"https:\/\/conradargo.me\/index.php?rest_route=%2Fwp%2Fv2%2Fcategories&post=1353"},{"taxonomy":"post_tag","embeddable":true,"href":"https:\/\/conradargo.me\/index.php?rest_route=%2Fwp%2Fv2%2Ftags&post=1353"}],"curies":[{"name":"wp","href":"https:\/\/api.w.org\/{rel}","templated":true}]}}