{"id":1357,"date":"2014-01-14T22:00:00","date_gmt":"2014-01-14T22:00:00","guid":{"rendered":"http:\/\/conradargo.me\/?p=1357"},"modified":"2014-01-14T22:00:00","modified_gmt":"2014-01-14T22:00:00","slug":"snorvel","status":"publish","type":"post","link":"https:\/\/conradargo.me\/?p=1357","title":{"rendered":"SN\u00d6RVEL"},"content":{"rendered":"<h3 id=\"dag101\">Dag 101<\/h3>\n<p>100 dagar&#8230; 100 dagar passerade. H\u00e4r i Japan. 100 dagar.<\/p>\n<p>Hur jag har firat detta? Ig\u00e5r var vi alla lediga fr\u00e5n skolan, s\u00e5 n\u00e4r klassen samlades idag, st\u00e4llde l\u00e4rare givetvis den sedvanliga, sj\u00e4lvklara fr\u00e5gan: hur har ledigheten varit? Vad har ni gjort?<\/p>\n<p>N\u00e5gon hade rest en bit utanf\u00f6r Kyoto, ett par personer hade druckit och partajat friskt p\u00e5 pubbar, en tredje hade g\u00e5tt p\u00e5 TV-spelspub.<\/p>\n<p><em>&#8220;Tomasu-san, shuumatsu wa doudeshita ka? Nani wo shimashita?&#8221;<\/em><\/p>\n<p>Och svaret p\u00e5 l\u00e4rarens fr\u00e5ga blev f\u00f6r min del &#8220;Kaze ga hikkimashita kara, nani mo shimasen deshita&#8230; Demo, benkyou wo shimasta.&#8221;<\/p>\n<p>\u00d6versatt f\u00f6r er som inte talar spr\u00e5ket: eftersom jag \u00e5kte p\u00e5 en f\u00f6rkylning s\u00e5 har jag inte gjort ett skit &#8211; bortsett fr\u00e5n att f\u00e5 plugga.<\/p>\n<p>Jepp.<\/p>\n<p>F\u00f6r i fredags, efter att ha varit ute med Fei och s\u00e5v\u00e4l \u00e4tit gott som visat honom Teramachi-gallerian samt promenerat l\u00e4ngsmed Shijo Dori, s\u00e5 k\u00e4nde jag mig lite, lite risig i halsen p\u00e5 kv\u00e4llen. Och v\u00e4rre blev det p\u00e5 l\u00f6rdagen&#8230; samt s\u00f6ndagen&#8230; samt ig\u00e5r.<\/p>\n<p>S\u00e5, jag har spenderat dessa tre dagars ledighet och min 100:ade dag i Japan med att snyta ur n\u00e4san, dricka mycket vatten, \u00e4ta halstabletter och f\u00f6rs\u00f6ka sova 9 timmar varje natt. Tjoho \ud83d\ude1b Men idag har det \u00e4nd\u00e5 k\u00e4nts f\u00f6rh\u00e5llandevis bra, om man bortser fr\u00e5n ett par hostningar och den kontinuerliga snuvan. Halsen b\u00f6rjar dock arta sig ordentligt och jag tror faktiskt att jag kan m\u00e5 tillr\u00e4ckligt bra imorgon f\u00f6r att kunna \u00e5terg\u00e5 till gymmet.<\/p>\n<p>F\u00f6r n\u00e4r <em>jag<\/em> \u00e4r sjuk s\u00e5 \u00e4ngslas jag ju givetvis inte \u00f6ver att inte kunna sl\u00e5 runt p\u00e5 pubben (ja herregud en s\u00e5dan syn <em>det<\/em> vore, va?), ta mig iv\u00e4g utanf\u00f6r stan eller g\u00e5 in p\u00e5 en spelbar och roa mig, utan det \u00e4r det h\u00e4r med att inte kunna tr\u00e4na som sl\u00e5r mig som h\u00e5rdast XP Den h\u00e4r helgen hade jag planerat in b\u00e5de en springrunda och ett extra tr\u00e4ningspass eftersom gymmet \u00e4r st\u00e4ngt var tredje m\u00e5ndag (mao var det f\u00f6rst\u00e5s st\u00e4ngt just ig\u00e5r). Men inte blev det n\u00e5got av det inte&#8230; Och som Jeremie sa n\u00e4r jag f\u00f6rklarade f\u00f6r honom i morse att jag inte hade f\u00e5tt tr\u00e4na n\u00e5gonting under de h\u00e4r tre lediga dagarna: <em>&#8220;oj, d\u00e5 m\u00e5ste det ha varit allvarligt d\u00e5.&#8221;<\/em> <br \/>\nHelt r\u00e4tt. Sitter infektionen i bih\u00e5lorna brukar jag inte bry mig s\u00e5 h\u00e5rt &#8211; d\u00e5 g\u00e5r jag till gymmet \u00e4nd\u00e5, ser bara till att ta lite n\u00e4sspray f\u00f6rst och packa ner ett par n\u00e4sdukar extra. Men infektioner i halsen&#8230; <em>det<\/em> vet jag inte \u00e4r att leka med, s\u00e5 d\u00e4rf\u00f6r h\u00e5ller jag mig vackert hemma en s\u00e5dan g\u00e5ng.<\/p>\n<p>S\u00e5, om det k\u00e4nns s\u00e5 h\u00e4r pass bra eller kanske rent utav <em>\u00e4nnu b\u00e4ttre<\/em> imorgon, kommer jag att ta mig iv\u00e4g till mitt \u00e4lskade gym ;P<\/p>\n<p><img decoding=\"async\" src=\"http:\/\/i.imgur.com\/pb9OyHMl.jpg\" alt=\"Dagens bild\" \/><\/p>\n<p>Ett sedvanligt helgfika unnade jag mig \u00e5tminstone, med den h\u00e4r mumsiga mackan samt roliga ansiktsbullen (chokladfylld) ena dagen och ett g\u00e4ng blandade snacks n\u00e4sta dag (filmsnacks). Som jag kommenterade p\u00e5 Facebook s\u00e5 kommer jag verkligen att sakna det h\u00e4r billiga fikat n\u00e4r jag v\u00e4l \u00e4r \u00e5ter i Sverige, \u00e4ven om jag nu egentligen  inte \u00e4r n\u00e5gon fikaperson p\u00e5 <em>det<\/em> viset. Visst <em>\u00e4r<\/em> det ju trevligt och s\u00e4rskilt i s\u00e4llskap, men de billiga priserna h\u00e4r i Japan g\u00f6r ju att jag kommer p\u00e5 tanke att bes\u00f6ka bagerierna betydligt oftare \u00e4n hemma i Sverige.<\/p>\n<p>20 sp\u00e4nn fick jag pr\u00f6jsa f\u00f6r det ni ser p\u00e5 bilden och jag lovar att bara den d\u00e4r ansiktsbullen hade kostat <em>minst<\/em> en tjuga i Ume\u00e5. Mackan hade dessutom mjukost och r\u00f6kt lax i sig &#8211; s\u00e5dant som knappast hade s\u00e5lts f\u00f6r 15kr inne p\u00e5 ett svenskt fik.<\/p>\n<p><img decoding=\"async\" src=\"http:\/\/i.imgur.com\/9owyP5bl.jpg\" alt=\"Dagens bild\" \/><\/p>\n<p>Minichips i en minif\u00f6rpackning. Det h\u00e4r med att s\u00e4lja godis i s\u00e5 sm\u00e5 f\u00f6rpackningar, allts\u00e5 ^^ Men det var riktigt <em>lagom<\/em> m\u00e5nga chips i denna, s\u00e4rskilt som jag kompletterade dem med n\u00e5gon form av karamellsmakande ostb\u00e5gar (som d\u00e5 allts\u00e5 inte smakade n\u00e5gon ost alls utan bara hade samma <em>form<\/em> som ostb\u00e5gar).<\/p>\n<p><img decoding=\"async\" src=\"http:\/\/i.imgur.com\/KGJIZOJl.jpg\" alt=\"Dagens bild\" \/><\/p>\n<p>Avslutar med en bild p\u00e5 den underbart stj\u00e4rnklara himlen. F\u00f6r en s\u00e5dan som mig, som verkligen blir helt trollbunden av en s\u00e5dan h\u00e4r syn, \u00e4r det hemskt farligt att vara ute och promenera d\u00e5 &#8211; eftersom jag har v\u00e4ldigt sv\u00e5rt f\u00f6r att h\u00e5lla blicken n\u00e5gon annanstans \u00e4n upp mot skyn \ud83d\ude1b<\/p>\n<p>Dags att sova lite nu, s\u00e5 att oddsen f\u00f6r att man ska kunna tr\u00e4na imorgon \u00f6kar &lt;3<\/p>\n<p>God natt fr\u00e5n Japan f\u00f6r 101:a g\u00e5ngen.<\/p>\n<h6 id=\"201401142200\">2014-01-14 22:00<\/h6>\n","protected":false},"excerpt":{"rendered":"<p>Dag 101 100 dagar&#8230; 100 dagar passerade. H\u00e4r i Japan. 100 dagar. Hur jag har firat detta? Ig\u00e5r var vi alla lediga fr\u00e5n skolan, s\u00e5 n\u00e4r klassen samlades idag, st\u00e4llde l\u00e4rare givetvis den sedvanliga, sj\u00e4lvklara fr\u00e5gan: hur har ledigheten varit? Vad har ni gjort? N\u00e5gon hade rest en bit utanf\u00f6r Kyoto, ett par personer hade druckit och partajat friskt p\u00e5 pubbar, en tredje hade g\u00e5tt p\u00e5 TV-spelspub. &#8220;Tomasu-san, shuumatsu wa doudeshita ka? Nani wo shimashita?&#8221; Och svaret p\u00e5 l\u00e4rarens fr\u00e5ga&#8230;<\/p>\n","protected":false},"author":1,"featured_media":0,"comment_status":"open","ping_status":"open","sticky":false,"template":"","format":"standard","meta":{"footnotes":""},"categories":[1],"tags":[],"class_list":["post-1357","post","type-post","status-publish","format-standard","hentry","category-uncategorized"],"_links":{"self":[{"href":"https:\/\/conradargo.me\/index.php?rest_route=\/wp\/v2\/posts\/1357","targetHints":{"allow":["GET"]}}],"collection":[{"href":"https:\/\/conradargo.me\/index.php?rest_route=\/wp\/v2\/posts"}],"about":[{"href":"https:\/\/conradargo.me\/index.php?rest_route=\/wp\/v2\/types\/post"}],"author":[{"embeddable":true,"href":"https:\/\/conradargo.me\/index.php?rest_route=\/wp\/v2\/users\/1"}],"replies":[{"embeddable":true,"href":"https:\/\/conradargo.me\/index.php?rest_route=%2Fwp%2Fv2%2Fcomments&post=1357"}],"version-history":[{"count":0,"href":"https:\/\/conradargo.me\/index.php?rest_route=\/wp\/v2\/posts\/1357\/revisions"}],"wp:attachment":[{"href":"https:\/\/conradargo.me\/index.php?rest_route=%2Fwp%2Fv2%2Fmedia&parent=1357"}],"wp:term":[{"taxonomy":"category","embeddable":true,"href":"https:\/\/conradargo.me\/index.php?rest_route=%2Fwp%2Fv2%2Fcategories&post=1357"},{"taxonomy":"post_tag","embeddable":true,"href":"https:\/\/conradargo.me\/index.php?rest_route=%2Fwp%2Fv2%2Ftags&post=1357"}],"curies":[{"name":"wp","href":"https:\/\/api.w.org\/{rel}","templated":true}]}}