{"id":1358,"date":"2014-01-16T19:00:00","date_gmt":"2014-01-16T19:00:00","guid":{"rendered":"http:\/\/conradargo.me\/?p=1358"},"modified":"2014-01-16T19:00:00","modified_gmt":"2014-01-16T19:00:00","slug":"april-april","status":"publish","type":"post","link":"https:\/\/conradargo.me\/?p=1358","title":{"rendered":"April april!"},"content":{"rendered":"<h3 id=\"dag103\">Dag 103<\/h3>\n<p>Idag \u00e4r det som synes dag 103, men \u00e4ven dag -78 som jag numera ocks\u00e5 skulle kunna s\u00e4ga &#8211; det vill s\u00e4ga r\u00e4kna bakl\u00e4nges\/ned\u00e5t. F\u00f6r ig\u00e5r fixade jag n\u00e4mligen allt det som beh\u00f6vde hamna p\u00e5 plats f\u00f6r att jag skulle kunna boka en flygbiljett hem.<\/p>\n<p>Och detta kommer att ske <em>fredagen den  4:e april.<\/em><\/p>\n<p>Sk\u00f6nt att ha detta ur v\u00e4rlden, s\u00e5 att s\u00e4ga \ud83d\ude42 Jag kan ju n\u00e4mligen inte bo kvar h\u00e4r i huset efter den 25:e mars, eftersom kontraktet d\u00e5 l\u00f6per ut och man vill hyra ut mitt rum till n\u00e5gon <em>ny<\/em> studerande som s\u00f6ker boende under \u00e5tminstone en termin. S\u00e5ledes har jag varit tvungen att l\u00f6sa vart jag ska ta v\u00e4gen i och med att jag vill stanna kvar i Japan <em>lite<\/em> l\u00e4ngre \u00e4n s\u00e5. <br \/>\nDet hela slutade med att jag r\u00f6r mig mellan tv\u00e5 olika g\u00e4sthus som ligger typ 20 min promenad fr\u00e5n varandra. Anledningen till detta har att g\u00f6ra med hur pass &#8220;sent&#8221; jag \u00e4r ute med min bokning, eftersom mars samt april m\u00e5nad \u00e4r &#8220;Sakura&#8221;-m\u00e5naderna h\u00e4r i Kyoto; n\u00e4r k\u00f6rsb\u00e4rstr\u00e4den blommar, s\u00e5 det kommer givetvis massor av turister till staden f\u00f6r detta. D\u00e4rf\u00f6r gick det inte att hitta n\u00e5got boende d\u00e4r jag kunde stanna s\u00e5 pass l\u00e4nge som 10 dagar <em>i str\u00e4ck<\/em>. Men det h\u00e4r k\u00e4nns helt okej, de tv\u00e5 husen ligger ju n\u00e4ra varandra s\u00e5 det \u00e4r inget problem \ud83d\ude42 Unnar mig rent utav lite lyx och sover den sista natten p\u00e5 flyghotellet, s\u00e5 slipper jag dessutom \u00e5ka taxi\/t\u00e5g\/flygbuss en hel timme (jepp, flygplatsen ligger trots allt i en annan stad och region) innan avg\u00e5ngen och k\u00e4nna n\u00e5gon form av stress \u00f6ver att inte hinna fram i tid.<\/p>\n<p>Klockan 9 p\u00e5 fredag morgon (de 4:e, som sagt) lyfter planet och d\u00e4refter har jag 17\u00bd timmes resande framf\u00f6r mig (vilket inkluderar tv\u00e5 byten) innan jag befinner mig i Ume\u00e5. Klockan \u00e4r 17:20 n\u00e4r jag n\u00e5r Sverige och Stockholm &#8211; d\u00e4r jag v\u00e4ntar en timme p\u00e5 n\u00e4sta flyg som tar mark i Ume\u00e5 19:30.<\/p>\n<p>That&#8217;s it! Jag ville bara meddela detta, har inga bilder alls att bjuda p\u00e5 f\u00f6r en g\u00e5ngs skull. Inga gamla som ligger och skr\u00e4par, inga nya som tagits sedan i f\u00f6rrg\u00e5r utan ni f\u00e5r helt enkelt n\u00f6ja er med all denna text och ett &#8220;hejd\u00e5 nu ska jag plugga kanji inf\u00f6r morgondagens veckoliga prov&#8221; \ud83d\ude1b<\/p>\n<h6 id=\"201401161900\">2014-01-16 19:00<\/h6>\n","protected":false},"excerpt":{"rendered":"<p>Dag 103 Idag \u00e4r det som synes dag 103, men \u00e4ven dag -78 som jag numera ocks\u00e5 skulle kunna s\u00e4ga &#8211; det vill s\u00e4ga r\u00e4kna bakl\u00e4nges\/ned\u00e5t. F\u00f6r ig\u00e5r fixade jag n\u00e4mligen allt det som beh\u00f6vde hamna p\u00e5 plats f\u00f6r att jag skulle kunna boka en flygbiljett hem. Och detta kommer att ske fredagen den 4:e april. Sk\u00f6nt att ha detta ur v\u00e4rlden, s\u00e5 att s\u00e4ga \ud83d\ude42 Jag kan ju n\u00e4mligen inte bo kvar h\u00e4r i huset efter den 25:e mars,&#8230;<\/p>\n","protected":false},"author":1,"featured_media":0,"comment_status":"open","ping_status":"open","sticky":false,"template":"","format":"standard","meta":{"footnotes":""},"categories":[1],"tags":[],"class_list":["post-1358","post","type-post","status-publish","format-standard","hentry","category-uncategorized"],"_links":{"self":[{"href":"https:\/\/conradargo.me\/index.php?rest_route=\/wp\/v2\/posts\/1358","targetHints":{"allow":["GET"]}}],"collection":[{"href":"https:\/\/conradargo.me\/index.php?rest_route=\/wp\/v2\/posts"}],"about":[{"href":"https:\/\/conradargo.me\/index.php?rest_route=\/wp\/v2\/types\/post"}],"author":[{"embeddable":true,"href":"https:\/\/conradargo.me\/index.php?rest_route=\/wp\/v2\/users\/1"}],"replies":[{"embeddable":true,"href":"https:\/\/conradargo.me\/index.php?rest_route=%2Fwp%2Fv2%2Fcomments&post=1358"}],"version-history":[{"count":0,"href":"https:\/\/conradargo.me\/index.php?rest_route=\/wp\/v2\/posts\/1358\/revisions"}],"wp:attachment":[{"href":"https:\/\/conradargo.me\/index.php?rest_route=%2Fwp%2Fv2%2Fmedia&parent=1358"}],"wp:term":[{"taxonomy":"category","embeddable":true,"href":"https:\/\/conradargo.me\/index.php?rest_route=%2Fwp%2Fv2%2Fcategories&post=1358"},{"taxonomy":"post_tag","embeddable":true,"href":"https:\/\/conradargo.me\/index.php?rest_route=%2Fwp%2Fv2%2Ftags&post=1358"}],"curies":[{"name":"wp","href":"https:\/\/api.w.org\/{rel}","templated":true}]}}