{"id":1362,"date":"2014-01-29T21:03:00","date_gmt":"2014-01-29T21:03:00","guid":{"rendered":"http:\/\/conradargo.me\/?p=1362"},"modified":"2014-01-29T21:03:00","modified_gmt":"2014-01-29T21:03:00","slug":"hej-allesammans","status":"publish","type":"post","link":"https:\/\/conradargo.me\/?p=1362","title":{"rendered":"&#8220;Hej allesammans!&#8221;"},"content":{"rendered":"<h3 id=\"dag116\">Dag 116,<\/h3>\n<p>Gud vad jag \u00e4r tr\u00f6tt p\u00e5 min egen r\u00f6st nu och min p\u00e5 att pressa fram ord. Sitter h\u00e4r och repeterar samma sak om och om och om igen; <em>Hej allesammans, jag \u00e4r Tomas fr\u00e5n klass 2A! H\u00e4r f\u00f6ljer nu en genomg\u00e5ng av andraklassarnas grupparbeten.<\/em><\/p>\n<p>Och s\u00e5 vidare. Det \u00e4r en hel A5-sida som jag har skrivit ner d\u00e4r jag som synes b\u00f6rjar med att presentera mig sj\u00e4lv, d\u00e4refter f\u00f6ljer en l\u00e5ng presentation av de grupparbeten som vi andraklassare har gjort. Cirka 1 minut och 40 sekunder l\u00e4ser jag igenom allting p\u00e5, har klockat mig sj\u00e4lv flertalet g\u00e5nger nu. Talet sitter mer eller mindre utantill &#8211; s\u00e5 m\u00e5nga g\u00e5nger har jag l\u00e4st upp det h\u00f6gt f\u00f6r mig sj\u00e4lv den senaste timmen, s\u00e5 nu \u00e4r jag tr\u00f6tt p\u00e5 det h\u00e4r. <br \/>\nDet fina i kr\u00e5ks\u00e5ngen \u00e4r ju dock hur jag <em>dessutom<\/em> kommer att beh\u00f6va \u00f6va p\u00e5 min del av <em>gruppens<\/em> temapresentation ocks\u00e5. Men den torde \u00e5tminstone inte ta mer \u00e4n 15-20 sekunder att l\u00e4sa upp. Blir helgens roliga arbete det.<\/p>\n<p>S\u00e5v\u00e4l ig\u00e5r som f\u00f6rrg\u00e5r hade vi tre representanter f\u00f6r \u00f6vrigt m\u00f6ten om den h\u00e4r presentationen. J\u00f6sses vad duktiga de andra tv\u00e5 eleverna var n\u00e4r de pratade p\u00e5 som om japanska redan var deras andraspr\u00e5k&#8230; Kn\u00e4ckande f\u00f6r ens eget sj\u00e4lvf\u00f6rtroende, n\u00e4r man sj\u00e4lv stannar upp mitt i en mening f\u00f6r att t\u00e4nka efter hur man egentligen ska formulera sig. F\u00f6rmodligen s\u00e4tter jag en del griller i huvudet p\u00e5 s\u00e5v\u00e4l den h\u00e4r l\u00e4raren som de tv\u00e5 andra representanterna med mina knaggliga spr\u00e5kkunskaper, men det var d\u00e5 \u00e5tminstone roligt att f\u00e5 h\u00f6ra fr\u00e5n l\u00e4raren att min klassf\u00f6rest\u00e5ndare, Nagashima sensei, tydligen pratat varmt om mina talanger som talare inf\u00f6r denne.<\/p>\n<p>Och just d\u00e4rf\u00f6r sitter jag och l\u00e4ser upp den h\u00e4r texten om och om och om igen &#8211; s\u00e5 att jag inte ska g\u00f6ra n\u00e5gon besviken ;P<\/p>\n<p>Nu vidare till n\u00e5gonting mycket roligare: vad som g\u00f6rs i \u00f6vrigt n\u00e4r jag inte oroar mig \u00f6ver spr\u00e5ket! Jag l\u00e5ter ett g\u00e4ng bilder f\u00e5 tala sitt tydliga spr\u00e5k:<\/p>\n<p><img decoding=\"async\" src=\"http:\/\/imgur.com\/lgpY1QQ\" alt=\"Bilder\" \/><\/p>\n<p>Kommentar \u00f6verfl\u00f6dig ^^&#8217;<\/p>\n<p><img decoding=\"async\" src=\"http:\/\/imgur.com\/xB2f7NL\" alt=\"Bilder\" \/><\/p>\n<p>Ni som har sett videon om <a href=\"http:\/\/www.youtube.com\/watch?v=0ffznpza1IM\">eldfestivalen i Nara<\/a> vet redan att jag plockade upp denna samma dag. S\u00e5 h\u00e4r ser den ut i all sin &#8220;prakt&#8221;. Hur n\u00f6jd som helst, urs\u00f6t och f\u00f6r 55kr s\u00e5 var det rena rama fyndet.<\/p>\n<p><img decoding=\"async\" src=\"http:\/\/imgur.com\/vuhUER4\" alt=\"Bilder\" \/><\/p>\n<p>Den <em>h\u00e4r<\/em> d\u00e4remot, <em>den<\/em> \u00e4r pr\u00e4ktig den vill jag lova! Dyr var den ocks\u00e5, <em>men<\/em> \u00e4ven nedsatt med 200kr. Jag har h\u00e5llit \u00f6gonen p\u00e5 denna \u00e4nda sedan jag flyttade hit (och suktat efter betydligt l\u00e4ngre \u00e4n s\u00e5), men k\u00e4nde inte riktigt att cirka 500kr var en summa som jag ville l\u00e4gga p\u00e5 en figur &#8211; <em>\u00e4ven<\/em> om den verkligen \u00e4r f\u00f6rj\u00e4vla snygg.<\/p>\n<p>Men nu \u00e4r hon \u00e4ntligen min &lt;3<\/p>\n<p><img decoding=\"async\" src=\"http:\/\/imgur.com\/4NqQ5UR\" alt=\"Bilder\" \/><\/p>\n<p>Vad kan jag s\u00e4ga, tr\u00e4ningen flyter p\u00e5. K\u00e4nner dock att jag f\u00f6rmodligen har tappat en del muskeldefinition och \u00e4ven lite styrka i vissa \u00f6vningar. Ser sjukt mycket fram emot att f\u00e5 ta igen detta \u00e4r jag v\u00e4l \u00e4r \u00e5ter i Ume\u00e5 och kan \u00e5teruppta de ordentliga tr\u00e4ningspassen, samt \u00e4ta b\u00e4ttre s\u00e5v\u00e4l kost- som tidsm\u00e4ssigt \u00e4n vad det k\u00e4nns som att jag g\u00f6r h\u00e4r.<\/p>\n<p><img decoding=\"async\" src=\"http:\/\/imgur.com\/GQi81Nc\" alt=\"Bilder\" \/><\/p>\n<p><img decoding=\"async\" src=\"http:\/\/imgur.com\/R1poOZd\" alt=\"Bilder\" \/><\/p>\n<p>Alla hj\u00e4rtans dag n\u00e4rmar sig ju och detta \u00e4r n\u00e5gonting som man firar ordentligt h\u00e4r i Japan, ifall ni inte visste eller ens trodde det. Kan nog faktiskt bli ett podcast-avsnitt kring detta, vi f\u00e5r v\u00e4l se.<\/p>\n<p><img decoding=\"async\" src=\"http:\/\/imgur.com\/ccfY97A\" alt=\"Bilder\" \/><\/p>\n<p>S\u00f6ta. Men <em>helt<\/em> fel storlek >&lt;&#8216;<\/p>\n<p><img decoding=\"async\" src=\"http:\/\/imgur.com\/xWlod2W\" alt=\"Bilder\" \/><\/p>\n<p>S\u00e4ger godnatt med den h\u00e4r bilden! Lika bra att l\u00e4gga sig snart eftersom jag \u00e4nd\u00e5 sover v\u00e4ldigt oroligt numera &#8211; med allt som h\u00e4nger \u00f6ver mig. Har sv\u00e5rt f\u00f6r att koppla av hj\u00e4rnan, men nu kvarst\u00e5r ju bara ungef\u00e4r en m\u00e5nad studier s\u00e5 jag f\u00f6rs\u00f6ker att bita ihop och h\u00e5lla ut!<\/p>\n<p>Sayonara.<\/p>\n<h6 id=\"201401292103\">2014-01-29 21:03<\/h6>\n","protected":false},"excerpt":{"rendered":"<p>Dag 116, Gud vad jag \u00e4r tr\u00f6tt p\u00e5 min egen r\u00f6st nu och min p\u00e5 att pressa fram ord. Sitter h\u00e4r och repeterar samma sak om och om och om igen; Hej allesammans, jag \u00e4r Tomas fr\u00e5n klass 2A! H\u00e4r f\u00f6ljer nu en genomg\u00e5ng av andraklassarnas grupparbeten. Och s\u00e5 vidare. Det \u00e4r en hel A5-sida som jag har skrivit ner d\u00e4r jag som synes b\u00f6rjar med att presentera mig sj\u00e4lv, d\u00e4refter f\u00f6ljer en l\u00e5ng presentation av de grupparbeten som vi&#8230;<\/p>\n","protected":false},"author":1,"featured_media":0,"comment_status":"open","ping_status":"open","sticky":false,"template":"","format":"standard","meta":{"footnotes":""},"categories":[1],"tags":[],"class_list":["post-1362","post","type-post","status-publish","format-standard","hentry","category-uncategorized"],"_links":{"self":[{"href":"https:\/\/conradargo.me\/index.php?rest_route=\/wp\/v2\/posts\/1362","targetHints":{"allow":["GET"]}}],"collection":[{"href":"https:\/\/conradargo.me\/index.php?rest_route=\/wp\/v2\/posts"}],"about":[{"href":"https:\/\/conradargo.me\/index.php?rest_route=\/wp\/v2\/types\/post"}],"author":[{"embeddable":true,"href":"https:\/\/conradargo.me\/index.php?rest_route=\/wp\/v2\/users\/1"}],"replies":[{"embeddable":true,"href":"https:\/\/conradargo.me\/index.php?rest_route=%2Fwp%2Fv2%2Fcomments&post=1362"}],"version-history":[{"count":0,"href":"https:\/\/conradargo.me\/index.php?rest_route=\/wp\/v2\/posts\/1362\/revisions"}],"wp:attachment":[{"href":"https:\/\/conradargo.me\/index.php?rest_route=%2Fwp%2Fv2%2Fmedia&parent=1362"}],"wp:term":[{"taxonomy":"category","embeddable":true,"href":"https:\/\/conradargo.me\/index.php?rest_route=%2Fwp%2Fv2%2Fcategories&post=1362"},{"taxonomy":"post_tag","embeddable":true,"href":"https:\/\/conradargo.me\/index.php?rest_route=%2Fwp%2Fv2%2Ftags&post=1362"}],"curies":[{"name":"wp","href":"https:\/\/api.w.org\/{rel}","templated":true}]}}