{"id":1364,"date":"2014-02-04T22:18:00","date_gmt":"2014-02-04T22:18:00","guid":{"rendered":"http:\/\/conradargo.me\/?p=1364"},"modified":"2014-02-04T22:18:00","modified_gmt":"2014-02-04T22:18:00","slug":"repetitioner","status":"publish","type":"post","link":"https:\/\/conradargo.me\/?p=1364","title":{"rendered":"Repetitioner"},"content":{"rendered":"<h3 id=\"dag122\">Dag 122,<\/h3>\n<p><img decoding=\"async\" src=\"http:\/\/i.imgur.com\/TOxB2bkl.jpg\" alt=\"Rep\" \/><\/p>\n<p>En snabb uppdatering med ett par bilder fr\u00e5n dagens repetition inf\u00f6r den stora presentationen som \u00e4ger rum nu p\u00e5 fredag, ni vet den d\u00e4r jag ska beh\u00f6va st\u00e5 och f\u00f6rs\u00f6ka prata japanska inf\u00f6r &#8220;lite folk&#8221;. Idag gick vi i samlad trupp till den sal d\u00e4r presentationen ska \u00e4ga rum och n\u00e4r jag s\u00e4ger &#8220;vi&#8221;, s\u00e5 menar jag dels alla inblandade elever som liksom jag sj\u00e4lv ska upp p\u00e5 scenen f\u00f6r att prata om n\u00e5gonting, dels ett halvt dussin l\u00e4rare.<\/p>\n<p>Och n\u00e4r jag s\u00e4ger &#8220;sal&#8221; s\u00e5 menar jag detta:<\/p>\n<p><img decoding=\"async\" src=\"http:\/\/i.imgur.com\/NGszWgml.jpg\" alt=\"Rep\" \/><\/p>\n<p><img decoding=\"async\" src=\"http:\/\/i.imgur.com\/XDcnLSyl.jpg\" alt=\"Rep\" \/><\/p>\n<p>&#8230;kul, kul att det \u00e4r s\u00e5 stort. Verkligen roligt. Hade f\u00f6rest\u00e4llt mig n\u00e5gonting som var kanske tre g\u00e5nger st\u00f6rre \u00e4n v\u00e5rat klassrum &#8211; inte en hel j\u00e4kla aula! >&lt;&#8216; S\u00e5 nu fick man ytterligare press p\u00e5 sig \ud83d\ude1b<\/p>\n<p>Det blev f\u00f6r \u00f6vrigt inte mycket till repetition utan var mer av en soundcheck samt lite information d\u00e4r vi elever fick reda p\u00e5 var vi skulle sitta, n\u00e4r och hur vi skulle bli inropade p\u00e5 scenen samt en test av mikrofonerna och ljudet. S\u00e5, \u00e4ven om jag stod d\u00e4r uppe p\u00e5 scenen i typ 30 sekunder beh\u00f6vde jag inte s\u00e4ga mer \u00e4n &#8220;hej allesammans, jag \u00e4r Tomas fr\u00e5n klass 2A&#8221; och sedan var det f\u00e4rdigt. F\u00f6r idag. Imorgon ska vi d\u00e4remot tydligen repetera sj\u00e4lva presentationen\/talet.<\/p>\n<p>Min kropp \u00e4r redo. Tror jag. Hoppas jag. Jag kan d\u00e5 min presentation utantill, men att st\u00e5 inf\u00f6r typ 200 pers (som salen s\u00e5g ut att rymma p\u00e5 ett ungef\u00e4r) och leverera l\u00e4r ju g\u00f6ra sitt f\u00f6r talf\u00f6rm\u00e5gan ;P Men det ska nog g\u00e5 bra \u00e4nd\u00e5. Handlar ju trots allt bara om drygt en minut.<\/p>\n<p>Jag h\u00f6ll f\u00f6r \u00f6vrigt ett <em>3<\/em> minuter l\u00e5ngt tal inf\u00f6r klassen idag om m\u00e4rklig och intressant konst i Ume\u00e5. Det gick ocks\u00e5 bra, l\u00e4raren s\u00e5g b\u00e5de road och n\u00f6jd ut efter\u00e5t. Bidrog f\u00f6rmodligen till ytterligare en spik i kistan f\u00f6r min position som presentat\u00f6r p\u00e5 fredag ;P S\u00e4rskilt med tanke p\u00e5 att det var Nagashima som lyssnade p\u00e5 mitt tal, dvs samma l\u00e4rare som \u00e4ven handplockade mig f\u00f6r att g\u00f6ra presentationen.<\/p>\n<p><img decoding=\"async\" src=\"http:\/\/i.imgur.com\/eoIV2rLl.jpg\" alt=\"Random\" \/><\/p>\n<p>H\u00e4r har ni en bild som jag tog ig\u00e5r kv\u00e4ll n\u00e4r jag var ute p\u00e5 promenad vid 10-sn\u00e5ret p\u00e5 kv\u00e4llen. Beh\u00f6vde rensa tankarna och \u00e4ven f\u00e5 frisk luft eller allt repeterande p\u00e5 rummet, s\u00e5 att jag verkligen <em>skulle<\/em> kunna l\u00e4sa upp talet utantill redan idag. <br \/>\nEtt f\u00f6rbipasserande t\u00e5g, ja. Tyckte det var kul att f\u00e5nga p\u00e5 bild. Kanske f\u00f6r att jag ville hoppa ombord och bara ta mig l\u00e5ngt h\u00e4rifr\u00e5n till en plats d\u00e4r jag kunde slippa prata inf\u00f6r folk ;P<\/p>\n<p>Men nu \u00e4r \u00e5tminstone det <em>l\u00e4ngsta<\/em> talet \u00f6ver, s\u00e5 d\u00e5 kan jag fokusera p\u00e5 fredagen. Och morgondagens prov. Och torsdagens prov. Och alla l\u00e4xor&#8230;<\/p>\n<p>._.<\/p>\n<p><strong>PS.<\/strong> Om exakt en m\u00e5nad lyfter det plan som har mig med sig ombord fr\u00e5n Osaka flygplats, med slutdestination Sverige. Smaka p\u00e5 det ni.<\/p>\n<h6 id=\"201402042218\">2014-02-04 22:18<\/h6>\n","protected":false},"excerpt":{"rendered":"<p>Dag 122, En snabb uppdatering med ett par bilder fr\u00e5n dagens repetition inf\u00f6r den stora presentationen som \u00e4ger rum nu p\u00e5 fredag, ni vet den d\u00e4r jag ska beh\u00f6va st\u00e5 och f\u00f6rs\u00f6ka prata japanska inf\u00f6r &#8220;lite folk&#8221;. Idag gick vi i samlad trupp till den sal d\u00e4r presentationen ska \u00e4ga rum och n\u00e4r jag s\u00e4ger &#8220;vi&#8221;, s\u00e5 menar jag dels alla inblandade elever som liksom jag sj\u00e4lv ska upp p\u00e5 scenen f\u00f6r att prata om n\u00e5gonting, dels ett halvt dussin&#8230;<\/p>\n","protected":false},"author":1,"featured_media":0,"comment_status":"open","ping_status":"open","sticky":false,"template":"","format":"standard","meta":{"footnotes":""},"categories":[1],"tags":[],"class_list":["post-1364","post","type-post","status-publish","format-standard","hentry","category-uncategorized"],"_links":{"self":[{"href":"https:\/\/conradargo.me\/index.php?rest_route=\/wp\/v2\/posts\/1364","targetHints":{"allow":["GET"]}}],"collection":[{"href":"https:\/\/conradargo.me\/index.php?rest_route=\/wp\/v2\/posts"}],"about":[{"href":"https:\/\/conradargo.me\/index.php?rest_route=\/wp\/v2\/types\/post"}],"author":[{"embeddable":true,"href":"https:\/\/conradargo.me\/index.php?rest_route=\/wp\/v2\/users\/1"}],"replies":[{"embeddable":true,"href":"https:\/\/conradargo.me\/index.php?rest_route=%2Fwp%2Fv2%2Fcomments&post=1364"}],"version-history":[{"count":0,"href":"https:\/\/conradargo.me\/index.php?rest_route=\/wp\/v2\/posts\/1364\/revisions"}],"wp:attachment":[{"href":"https:\/\/conradargo.me\/index.php?rest_route=%2Fwp%2Fv2%2Fmedia&parent=1364"}],"wp:term":[{"taxonomy":"category","embeddable":true,"href":"https:\/\/conradargo.me\/index.php?rest_route=%2Fwp%2Fv2%2Fcategories&post=1364"},{"taxonomy":"post_tag","embeddable":true,"href":"https:\/\/conradargo.me\/index.php?rest_route=%2Fwp%2Fv2%2Ftags&post=1364"}],"curies":[{"name":"wp","href":"https:\/\/api.w.org\/{rel}","templated":true}]}}