{"id":1366,"date":"2014-02-09T20:00:00","date_gmt":"2014-02-09T20:00:00","guid":{"rendered":"http:\/\/conradargo.me\/?p=1366"},"modified":"2014-02-09T20:00:00","modified_gmt":"2014-02-09T20:00:00","slug":"lordagsgodis-och-lordagsbilder","status":"publish","type":"post","link":"https:\/\/conradargo.me\/?p=1366","title":{"rendered":"L\u00f6rdagsgodis och l\u00f6rdagsbilder ^^"},"content":{"rendered":"<h3 id=\"dag127\">Dag 127,<\/h3>\n<p>G\u00e5rdagen b\u00f6rjade ganska tr\u00f6gt f\u00f6r att vara en sk\u00f6n, ledig l\u00f6rdag. Jag vaknade redan strax efter 7 och lyckades d\u00e4refter inte somna om &#8211;  bara slumra till och fr\u00e5n under en hel timme, innan jag slutligen steg upp eftersom jag hursomhelst hade t\u00e4nkt b\u00f6rja med l\u00e4xorna runt 8-sn\u00e5ret. Dock s\u00e5 var jag vid den h\u00e4r tiden inte vidare pigg p\u00e5 vare sig den id\u00e9n eller i huvudet, tv\u00e4rtom k\u00e4nde jag av en l\u00e4tt huvudv\u00e4rk. Men med f\u00f6rhoppningar om hur en flaska vatten, f\u00f6r att \u00e5terst\u00e4lla v\u00e4tskebalansen som jag misst\u00e4nker att min AC ber\u00f6var mig lite p\u00e5 under natten, samt en lunchpromenad senare in p\u00e5 dagen skulle kunna friska upp kroppen, tog jag mig \u00e4nd\u00e5 upp fr\u00e5n s\u00e4ngen.<\/p>\n<p><img decoding=\"async\" src=\"http:\/\/i.imgur.com\/9FTPfpU.jpg\" alt=\"L\u00f6rdag 8\" \/><\/p>\n<p>Och jod\u00e5, n\u00e4r jag v\u00e4l p\u00e5b\u00f6rjade min promenad vid \u00f6verg\u00e5ngen till lunchtid s\u00e5 sl\u00e4ppte det faktiskt i huvudet och jag b\u00f6rjade k\u00e4nna mig b\u00e5de piggare och mer f\u00f6rhoppningsfull om hur dagen skulle kunna bli riktigt fin \u00e4nd\u00e5 \ud83d\ude42 \u00c5tminstone hum\u00f6rm\u00e4ssigt &#8211; f\u00f6r g\u00e5rdagens v\u00e4der var en riktig soppa. P\u00e5 riktigt. Under natten hade det n\u00e4mligen s\u00e5v\u00e4l sn\u00f6at som regnat och det s\u00e5g inte ut att bli mycket b\u00e4ttre s\u00e5h\u00e4r p\u00e5 dagtid. Skitv\u00e4dret var dock inget som jag sj\u00e4lv lade s\u00e4rskilt mycket tonvikt p\u00e5 eftersom jag inte hade n\u00e5gra som helst planer p\u00e5 att r\u00f6ra mig utomhus &#8211; ut\u00f6ver promenaden d\u00e5. Men f\u00f6r Robert och ett par av hans klasskamrater var det desto tr\u00e5kigare, eftersom man hade planerat att bes\u00f6ka ett par olika tempel. Detta genomf\u00f6rdes ocks\u00e5, v\u00e4dret till trots, och p\u00e5 kv\u00e4llskvisten n\u00e4r Robert v\u00e4l kom hem s\u00e5 verkade dagen \u00e4nd\u00e5 ha varit okej med tanke p\u00e5 omst\u00e4ndigheterna.<\/p>\n<p>Men jag gjorde som sagt inte mycket mer \u00e4n att pyssla med l\u00e4xor, \u00e4ta godsaker och promenera lite i omr\u00e5det d\u00e4r jag bor. S\u00e5 h\u00e4r kommer nu d\u00e4rf\u00f6r ett g\u00e4ng med bilder fr\u00e5n allt detta! ^^<\/p>\n<p><img decoding=\"async\" src=\"http:\/\/i.imgur.com\/ZEY12Ig.jpg\" alt=\"L\u00f6rdag 8\" \/><\/p>\n<p>Den h\u00e4r platsen <em>b\u00f6r<\/em> jag ha tagit kort p\u00e5 s\u00e5h\u00e4r utifr\u00e5n \u00e5tminstone <em>en<\/em> g\u00e5ng tidigare, men jag har d\u00e4remot aldrig v\u00e5gat mig in p\u00e5 omr\u00e5det &#8211; f\u00f6rr\u00e4n nu. Inte s\u00e5 mycket av oro \u00f6ver hur st\u00e4llet ska vara privat\u00e4gt (d\u00e5 borde ju portarna var st\u00e4ngda, kan man tycka) som r\u00e4dslan f\u00f6r det j\u00e4ttelika spindeln\u00e4t som tidigare har h\u00e4ngt alldeles innanf\u00f6r portarna \ud83d\ude1b Men nu var n\u00e4tet borta, s\u00e5 d\u00e4rf\u00f6r gick jag hela v\u00e4gen!<\/p>\n<p><img decoding=\"async\" src=\"http:\/\/i.imgur.com\/i6Kf59w.jpg\" alt=\"L\u00f6rdag 8\" \/><\/p>\n<p><img decoding=\"async\" src=\"http:\/\/i.imgur.com\/pssWQte.jpg\" alt=\"L\u00f6rdag 8\" \/><\/p>\n<p>Fint och mysigt, som p\u00e5 alla dessa platser ^^ Jag s\u00e5g dock ett paraplyst\u00e4ll som hade b\u00e5de ett och tv\u00e5 paraplyer st\u00e5ende i sig, samt \u00e4ven lika m\u00e5nga parkerade cyklar, och v\u00e5gade mig d\u00e4rf\u00f6r inte p\u00e5 n\u00e5gon l\u00e4ngre vistelse eller g\u00e5 l\u00e4ngre in \u00e4n s\u00e5 h\u00e4r.<\/p>\n<p>Men s\u00e5 befinner jag mig ju \u00e4nd\u00e5 i Kyoto s\u00e5 jag beh\u00f6vde inte g\u00e5 alltf\u00f6r m\u00e5nga steg f\u00f6rr\u00e4n n\u00e4sta inbjudande tempelomr\u00e5de \u00f6ppnade upp sig:<\/p>\n<p><img decoding=\"async\" src=\"http:\/\/i.imgur.com\/reVlQ3g.jpg\" alt=\"L\u00f6rdag 8\" \/><\/p>\n<p><img decoding=\"async\" src=\"http:\/\/i.imgur.com\/cymHB9W.jpg\" alt=\"L\u00f6rdag 8\" \/><\/p>\n<p><img decoding=\"async\" src=\"http:\/\/i.imgur.com\/ukYlzkT.jpg\" alt=\"L\u00f6rdag 8\" \/><\/p>\n<p>Jag har ju sagt det f\u00f6rr och jag s\u00e4ger det igen: kommer verkligen att sakna att promenera omkring i den h\u00e4r staden. Det spelar ju liksom ingen roll vart jag \u00e4n drar mig i Sverige, f\u00f6r den h\u00e4r underbara arkitekturen och supervackra tempelomr\u00e5dena kommer jag verkligen inte att kunna se n\u00e5gon annanstans \u00e4n h\u00e4r.<\/p>\n<p><img decoding=\"async\" src=\"http:\/\/i.imgur.com\/auqAIoR.jpg\" alt=\"L\u00f6rdag 8\" \/><\/p>\n<p>Hehe, huhu ^^ N\u00e5gon som haft roligt antingen tidigt p\u00e5 morgonen eller sent ig\u00e5r.<\/p>\n<p><img decoding=\"async\" src=\"http:\/\/i.imgur.com\/YQaodrm.jpg\" alt=\"L\u00f6rdag 8\" \/><\/p>\n<p>Jag vet inte hur bra detta g\u00e5r att utl\u00e4sa p\u00e5 bloggen, men den d\u00e4r lilla skylten som st\u00e5r <em>till v\u00e4nster<\/em> om d\u00f6rren har f\u00f6ljande skrivet p\u00e5 sig:<\/p>\n<p><em>&#8220;PLEASE remove your shoes and don&#8217;t take a BETTER pair with you&#8221;<\/em><\/p>\n<p>XD<\/p>\n<p>Bra tips och bra skylt om man nu har g\u00e4ster ofta ^^<\/p>\n<p><img decoding=\"async\" src=\"http:\/\/i.imgur.com\/ws6mYvr.jpg\" alt=\"L\u00f6rdag 8\" \/><\/p>\n<p>Tv\u00e4ttbj\u00f6rnsstatyer \u00e4r n\u00e5gonting som jag ser v\u00e4ldigt ofta h\u00e4r i staden, vilket har med folkhistorier och s\u00e4gner att g\u00f6ra. Vanligtvis i ganska <em>rimliga<\/em> storlekar p\u00e5 allt fr\u00e5n ett par centimeter till n\u00e5gon decimeter, men h\u00e4r k\u00e4nde jag att dessa meterh\u00f6ga varelser faktiskt blev ganska skr\u00e4mmande&#8230; o.O<\/p>\n<p><img decoding=\"async\" src=\"http:\/\/i.imgur.com\/lkTTaIQ.jpg\" alt=\"L\u00f6rdag 8\" \/><\/p>\n<p>Snart hemmavid igen efter en cirka 20 minuter l\u00e5ng runda. Den h\u00e4r bilden tillh\u00f6r ocks\u00e5 kategorin &#8220;avsaknad n\u00e4r jag kommer hem till Sverige&#8221;. Det \u00e4r inte t\u00e5get, det \u00e4r inte elstolparna, det \u00e4r inte de sm\u00e5 bilarna eller tr\u00e5nga v\u00e4garna. H\u00e4r har jag givetvis tagit ett kort p\u00e5 det som finns d\u00e4r borta i horisonten: bergen &lt;3<\/p>\n<p>Att inte l\u00e4ngre ha en bergskedja som omger staden och \u00e4r synlig vart man \u00e4n g\u00e5r, \u00e4r en syn som jag <em>verkligen<\/em> kommer att sakna&#8230; Och den h\u00e4r s\u00e5 uppenbara fascinationen f\u00f6r (snarare k\u00e4rleken till) berg \u00e4r faktiskt inte n\u00e5gonting som har v\u00e4xt fram h\u00e4r i Kyoto, utan s\u00e5 har jag mer eller mindre alltid k\u00e4nt. Redan f\u00f6r 20 \u00e5r sedan n\u00e4r jag fortfarande var bosatt p\u00e5 familjens g\u00e5rd ett par mil utanf\u00f6r Ume\u00e5, s\u00e5 upplevdes jag precis samma dragning till de skogsbevuxna berg som <em>d\u00e4rifr\u00e5n<\/em> gick att besk\u00e5da l\u00e5ngt borta i horisonten &#8211; berg som jag verkligen ville ta mig till och kl\u00e4ttra upp p\u00e5 f\u00f6r att kunna blicka ut \u00f6ver omr\u00e5det.<\/p>\n<p>Jag f\u00f6rutsp\u00e5r hur jag denna sommar kommer att vara betydligt mer pigg p\u00e5 att f\u00f6lja mina syskon och min mor hem till g\u00e5rden \u00f6ver helgerna \u00e4n vad jag tidigare har varit, just p\u00e5 grund av hur g\u00e5rdens avl\u00e4gsenhet och lummiga omgivning kommer att p\u00e5minna mig betydligt mer om Kyotos \u00e4n vad stadsmilj\u00f6n i Ume\u00e5 g\u00f6r.<\/p>\n<p>Nu blir det godsaker:<\/p>\n<p><img decoding=\"async\" src=\"http:\/\/i.imgur.com\/wpEglPY.jpg\" alt=\"L\u00f6rdag 8\" \/><\/p>\n<p><img decoding=\"async\" src=\"http:\/\/i.imgur.com\/zqJ4Nhq.jpg\" alt=\"L\u00f6rdag 8\" \/><\/p>\n<p>Plockade upp denna pudding f\u00f6r 7kr och mumsade p\u00e5 medan jag l\u00e4ste Yotsubato. Riktigt god, speciellt f\u00f6r det priset \ud83d\ude42<\/p>\n<p><img decoding=\"async\" src=\"http:\/\/i.imgur.com\/kVhyRaC.jpg\" alt=\"L\u00f6rdag 8\" \/><\/p>\n<p>Och s\u00e5 h\u00e4r s\u00e5g middagen ut: v\u00e4lfyllda pannkakor med b\u00e5de sylt, gr\u00e4dde och banan 8)~<\/p>\n<p><img decoding=\"async\" src=\"http:\/\/i.imgur.com\/Gf5YQkB.jpg\" alt=\"L\u00f6rdag 8\" \/><\/p>\n<p>Avslutningsvis tryckte jag \u00e4ven i mig en s\u00e5dan h\u00e4r p\u00e5 kv\u00e4llskvisten. Det var typ som ett wienerbr\u00f6d, v\u00e4ldigt sm\u00f6rigt och sk\u00f6rt, med chokladkr\u00e4m. Kanske inte s\u00e5 sv\u00e5rt att gissa huruvida <em>det<\/em> smakade gott eller inte \ud83d\ude09<\/p>\n<p><img decoding=\"async\" src=\"http:\/\/i.imgur.com\/yrbftLB.jpg\" alt=\"L\u00f6rdag 8\" \/><\/p>\n<p>Bonusbild: H\u00e4r satt jag p\u00e5 huk och tittade ut genom f\u00f6nstret n\u00e4r det f\u00f6ll superstora sn\u00f6flingor, samtidigt som jag lyssnade p\u00e5 fantastiska <a href=\"http:\/\/www.deportees.se\/\">Deportees<\/a> (bandmedlemmar fr\u00e5n Vindeln och Ume\u00e5!) och bara k\u00e4nde &#8220;\u00c5h, s\u00e5 fint h\u00e4r \u00e4r&#8221; \ud83d\ude00<\/p>\n<p>Tack f\u00f6r mig, det var kul att dela med sig av ett g\u00e4ng bilder fr\u00e5n omr\u00e5det och f\u00e5 kommentera varje! Nu ska jag spendera resten av den h\u00e4r kv\u00e4llen med att&#8230; ja h\u00f6rni, det blir nog lite av varje &#8211; kanske spela en halvtimme, plugga en halvtimme, packa gymv\u00e4skan s\u00e5 att den \u00e4r redo imorgon och d\u00e4refter g\u00f6ra mig sj\u00e4lv redo f\u00f6r s\u00e4ngen ^^<\/p>\n<p><strong>PS.<\/strong> N\u00e4sta s\u00f6ndag ska jag och Jeremie iv\u00e4g p\u00e5 &#8220;modelljobbet&#8221;, s\u00e5 d\u00e5 f\u00e5r ni h\u00f6ra allt om hur det gick \ud83d\ude42<\/p>\n<h6 id=\"201402092000\">2014-02-09 20:00<\/h6>\n","protected":false},"excerpt":{"rendered":"<p>Dag 127, G\u00e5rdagen b\u00f6rjade ganska tr\u00f6gt f\u00f6r att vara en sk\u00f6n, ledig l\u00f6rdag. Jag vaknade redan strax efter 7 och lyckades d\u00e4refter inte somna om &#8211; bara slumra till och fr\u00e5n under en hel timme, innan jag slutligen steg upp eftersom jag hursomhelst hade t\u00e4nkt b\u00f6rja med l\u00e4xorna runt 8-sn\u00e5ret. Dock s\u00e5 var jag vid den h\u00e4r tiden inte vidare pigg p\u00e5 vare sig den id\u00e9n eller i huvudet, tv\u00e4rtom k\u00e4nde jag av en l\u00e4tt huvudv\u00e4rk. Men med f\u00f6rhoppningar om&#8230;<\/p>\n","protected":false},"author":1,"featured_media":0,"comment_status":"open","ping_status":"open","sticky":false,"template":"","format":"standard","meta":{"footnotes":""},"categories":[1],"tags":[],"class_list":["post-1366","post","type-post","status-publish","format-standard","hentry","category-uncategorized"],"_links":{"self":[{"href":"https:\/\/conradargo.me\/index.php?rest_route=\/wp\/v2\/posts\/1366","targetHints":{"allow":["GET"]}}],"collection":[{"href":"https:\/\/conradargo.me\/index.php?rest_route=\/wp\/v2\/posts"}],"about":[{"href":"https:\/\/conradargo.me\/index.php?rest_route=\/wp\/v2\/types\/post"}],"author":[{"embeddable":true,"href":"https:\/\/conradargo.me\/index.php?rest_route=\/wp\/v2\/users\/1"}],"replies":[{"embeddable":true,"href":"https:\/\/conradargo.me\/index.php?rest_route=%2Fwp%2Fv2%2Fcomments&post=1366"}],"version-history":[{"count":0,"href":"https:\/\/conradargo.me\/index.php?rest_route=\/wp\/v2\/posts\/1366\/revisions"}],"wp:attachment":[{"href":"https:\/\/conradargo.me\/index.php?rest_route=%2Fwp%2Fv2%2Fmedia&parent=1366"}],"wp:term":[{"taxonomy":"category","embeddable":true,"href":"https:\/\/conradargo.me\/index.php?rest_route=%2Fwp%2Fv2%2Fcategories&post=1366"},{"taxonomy":"post_tag","embeddable":true,"href":"https:\/\/conradargo.me\/index.php?rest_route=%2Fwp%2Fv2%2Ftags&post=1366"}],"curies":[{"name":"wp","href":"https:\/\/api.w.org\/{rel}","templated":true}]}}