{"id":1368,"date":"2014-02-15T15:25:00","date_gmt":"2014-02-15T15:25:00","guid":{"rendered":"http:\/\/conradargo.me\/?p=1368"},"modified":"2014-02-15T15:25:00","modified_gmt":"2014-02-15T15:25:00","slug":"det-vita-kyoto","status":"publish","type":"post","link":"https:\/\/conradargo.me\/?p=1368","title":{"rendered":"Det vita Kyoto"},"content":{"rendered":"<h3 id=\"dag133\">Dag 133,<\/h3>\n<p>\u00c4ven om jag nu har en intressantare uppdatering planerad inf\u00f6r <em>morgondagen<\/em>, n\u00e4r jag och Jeremie tvunget beh\u00f6ver infinna oss p\u00e5 plats kl 8:30 f\u00f6r &#8220;modelljobbet&#8221; (jippi, gud vilken bra tid en s\u00f6ndag!), s\u00e5 m\u00e5ste jag bara f\u00e5 visa hur vackert Kyoto ser ut n\u00e4r det har sn\u00f6at l\u00f6jligt s\u00e4llsynt mycket!<\/p>\n<p>F\u00f6r ig\u00e5r gjorde det inte mycket annat \u00e4n att just sn\u00f6a. Det sn\u00f6ade klockan 6 n\u00e4r jag klev upp, klockan 9 n\u00e4r skolan startade, klockan 12:30 n\u00e4r lunchen p\u00e5b\u00f6rjades och klockan 16 n\u00e4r jag var p\u00e5 v\u00e4g hem fr\u00e5n gymmet. Men till sist s\u00e5 slutade det, n\u00e4r Kyoto v\u00e4l var t\u00e4ckt av ett v\u00e4ldigt mjukt om \u00e4n ocks\u00e5 <em>bl\u00f6tt<\/em> t\u00e4cke av vitt puder.<\/p>\n<p>Jag <em>personligen<\/em> hann inte med att f\u00e5nga allt det vackra p\u00e5 bild, men personalen p\u00e5 skola brukar vara flitiga p\u00e5 att fotografera n\u00e4r s\u00e5dana h\u00e4r p\u00e5fallande klimatf\u00f6r\u00e4ndringar uppst\u00e5r och d\u00e4rf\u00f6r har jag laddat ner f\u00f6ljande bilder fr\u00e5n deras Facebook-sida, s\u00e5 att ni kan f\u00e5 uppleva samma utsikt kring campusomr\u00e5det som jag sj\u00e4lv gjorde ig\u00e5r:<\/p>\n<p><img decoding=\"async\" src=\"http:\/\/i.imgur.com\/QKHoTOg.jpg\" alt=\"Sn\u00f6n i Kyoto\" \/><\/p>\n<p><img decoding=\"async\" src=\"http:\/\/i.imgur.com\/cfGp3y2.jpg\" alt=\"Sn\u00f6n i Kyoto\" \/><\/p>\n<p><img decoding=\"async\" src=\"http:\/\/i.imgur.com\/Rfd6rbU.jpg\" alt=\"Sn\u00f6n i Kyoto\" \/><\/p>\n<p><img decoding=\"async\" src=\"http:\/\/i.imgur.com\/e2vZKR8.jpg\" alt=\"Sn\u00f6n i Kyoto\" \/><\/p>\n<p><img decoding=\"async\" src=\"http:\/\/i.imgur.com\/OJodPss.jpg\" alt=\"Sn\u00f6n i Kyoto\" \/><\/p>\n<p><img decoding=\"async\" src=\"http:\/\/i.imgur.com\/3PcKzan.jpg\" alt=\"Sn\u00f6n i Kyoto\" \/><\/p>\n<p><img decoding=\"async\" src=\"http:\/\/i.imgur.com\/cLjnyq9.jpg\" alt=\"Sn\u00f6n i Kyoto\" \/><\/p>\n<p><em>S\u00e5<\/em> fint s\u00e5g det allts\u00e5 ut ig\u00e5r, fredag \ud83d\ude42 Men idag har det mesta hunnit tina bort &#8211; fortfarande tillr\u00e4ckligt vitt \u00f6verallt f\u00f6r att det ska k\u00e4nnas vintrigt, men man f\u00f6rst\u00e5r ju ocks\u00e5 att v\u00e5ren vill ha bort allt det h\u00e4r kalla, bl\u00f6ta och det vill jag ocks\u00e5 \ud83d\ude1b F\u00f6r n\u00e4r jag kom hem till huset ig\u00e5r var det runt 12 grader varmt h\u00e4r inne&#8230; S\u00e5, ig\u00e5ng med AC:n i s\u00e5v\u00e4l mitt rum som k\u00f6ket, koka upp varm choklad och s\u00e4tta sig med v\u00e4rmefilten:<\/p>\n<p><img decoding=\"async\" src=\"http:\/\/i.imgur.com\/WkoGXKtl.jpg\" alt=\"Kallt\" \/><\/p>\n<p>F\u00f6r den observante som nu l\u00e4gger m\u00e4rke till det r\u00f6da papperet med ett hj\u00e4rta p\u00e5 sig s\u00e5 kan jag meddela att detta inte \u00e4r mer upphetsande \u00e4n en present fr\u00e5n gymmet \ud83d\ude42 Men en uppskattad s\u00e5dan! Liksom detta som skedde i klassrummet tidigare p\u00e5 dagen:<\/p>\n<p><img decoding=\"async\" src=\"http:\/\/i.imgur.com\/Hlbzzi3l.jpg\" alt=\"Chokladdag\" \/><\/p>\n<p>Tack till Ou-san som bj\u00f6d p\u00e5 detta ^^ Och tack till Sirada-san som hade sm\u00e4lt blockchoklad hemma och h\u00e4llt upp i fina sm\u00e5 formar f\u00f6r att bjuda alla p\u00e5 ischoklad! \ud83d\ude00 Jag unnade mig b\u00e5de en och tv\u00e5 smakbitar, till m\u00e5ngas stora f\u00f6rv\u00e5ning eftersom de vet hur strikt jag \u00e4r med godis\u00e4tandet pga min tr\u00e4ning. Men det var ju \u00e4nd\u00e5 Alla Hj\u00e4rtans Dag, s\u00e5 varf\u00f6r inte.<\/p>\n<p>Det var allt jag ville f\u00e5 sagt! Vi h\u00f6rs igen imorgon n\u00e4r jag ska f\u00f6rs\u00f6ka komma med n\u00e5gon rolig uppdatering g\u00e4llande de extremt m\u00e4rkliga kl\u00e4derna som jag och Jeremie ska b\u00e4ra, om jag nu bara f\u00e5r tag p\u00e5 en eller tv\u00e5 bilder av n\u00e4r vi b\u00e4r dessa.<\/p>\n<h6 id=\"201402151525\">2014-02-15 15:25<\/h6>\n","protected":false},"excerpt":{"rendered":"<p>Dag 133, \u00c4ven om jag nu har en intressantare uppdatering planerad inf\u00f6r morgondagen, n\u00e4r jag och Jeremie tvunget beh\u00f6ver infinna oss p\u00e5 plats kl 8:30 f\u00f6r &#8220;modelljobbet&#8221; (jippi, gud vilken bra tid en s\u00f6ndag!), s\u00e5 m\u00e5ste jag bara f\u00e5 visa hur vackert Kyoto ser ut n\u00e4r det har sn\u00f6at l\u00f6jligt s\u00e4llsynt mycket! F\u00f6r ig\u00e5r gjorde det inte mycket annat \u00e4n att just sn\u00f6a. Det sn\u00f6ade klockan 6 n\u00e4r jag klev upp, klockan 9 n\u00e4r skolan startade, klockan 12:30 n\u00e4r lunchen&#8230;<\/p>\n","protected":false},"author":1,"featured_media":0,"comment_status":"open","ping_status":"open","sticky":false,"template":"","format":"standard","meta":{"footnotes":""},"categories":[1],"tags":[],"class_list":["post-1368","post","type-post","status-publish","format-standard","hentry","category-uncategorized"],"_links":{"self":[{"href":"https:\/\/conradargo.me\/index.php?rest_route=\/wp\/v2\/posts\/1368","targetHints":{"allow":["GET"]}}],"collection":[{"href":"https:\/\/conradargo.me\/index.php?rest_route=\/wp\/v2\/posts"}],"about":[{"href":"https:\/\/conradargo.me\/index.php?rest_route=\/wp\/v2\/types\/post"}],"author":[{"embeddable":true,"href":"https:\/\/conradargo.me\/index.php?rest_route=\/wp\/v2\/users\/1"}],"replies":[{"embeddable":true,"href":"https:\/\/conradargo.me\/index.php?rest_route=%2Fwp%2Fv2%2Fcomments&post=1368"}],"version-history":[{"count":0,"href":"https:\/\/conradargo.me\/index.php?rest_route=\/wp\/v2\/posts\/1368\/revisions"}],"wp:attachment":[{"href":"https:\/\/conradargo.me\/index.php?rest_route=%2Fwp%2Fv2%2Fmedia&parent=1368"}],"wp:term":[{"taxonomy":"category","embeddable":true,"href":"https:\/\/conradargo.me\/index.php?rest_route=%2Fwp%2Fv2%2Fcategories&post=1368"},{"taxonomy":"post_tag","embeddable":true,"href":"https:\/\/conradargo.me\/index.php?rest_route=%2Fwp%2Fv2%2Ftags&post=1368"}],"curies":[{"name":"wp","href":"https:\/\/api.w.org\/{rel}","templated":true}]}}