{"id":1369,"date":"2014-02-16T22:00:00","date_gmt":"2014-02-16T22:00:00","guid":{"rendered":"http:\/\/conradargo.me\/?p=1369"},"modified":"2014-02-16T22:00:00","modified_gmt":"2014-02-16T22:00:00","slug":"modellforestallningen-del-1","status":"publish","type":"post","link":"https:\/\/conradargo.me\/?p=1369","title":{"rendered":"Modellf\u00f6rest\u00e4llningen &#8211; del 1"},"content":{"rendered":"<h3 id=\"dag134\">Dag 134,<\/h3>\n<p>Klockan 06:15 p\u00e5 morgonen ringde v\u00e4ckarklockan och jag studsade upp fr\u00e5n s\u00e4ngen &#8211; trots att det idag \u00e4r en s\u00f6ndag och till och med Gud hade ju sovmorgon denna dag! Men s\u00e5 var det ju ocks\u00e5 en alldeles speciell s\u00f6ndag, f\u00f6r idag skulle jag och Jeremie \u00e4ntligen (?) f\u00e5 utf\u00f6ra det modelljobb som vi plockades ut till f\u00f6r n\u00e5gra m\u00e5nader sedan.<\/p>\n<p>Och en s\u00e5dan dag det har varit&#8230; herregud s\u00e4ger jag bara och f\u00f6r att citera Jeremie: hade man vetat om hur den h\u00e4r dagen egentligen var upplagd, s\u00e5 hade man aldrig g\u00e5tt med p\u00e5 att g\u00f6ra&#8217;t \ud83d\ude1b<\/p>\n<p>F\u00f6r det var sannerligen ett jippo, det ska ni ha klart f\u00f6r er. Till en b\u00f6rjan, allts\u00e5 n\u00e4r hela det h\u00e4r &#8220;jobbet&#8221; lades fram f\u00f6r oss, s\u00e5 fick jag intrycket av hur vi skulle visa upp oss p\u00e5 den designskola varifr\u00e5n detta \u00f6nskem\u00e5l om l\u00e5nga, utl\u00e4ndska mannek\u00e4nger kom. Men n\u00e4r vi tr\u00e4ffade designern <em>andra<\/em> g\u00e5ngen, efter att jag och Jeremie hade blivit utplockade bland de 5-6st kandidaterna, och fick lite extra information kring kl\u00e4dsel samt deras tidigare projekt, s\u00e5 l\u00e4t det mer som en fotografering.<\/p>\n<p>Verkligheten blev dock en <em>_helt annan och f\u00f6r att nu verkligen bygga upp hypen ytterligare kring allt detta, s\u00e5 t\u00e4nker jag dela upp dagens h\u00e4ndelser i _tv\u00e5<\/em> inl\u00e4gg. Fast i \u00e4rlighetens namn s\u00e5 har detta mest att g\u00f6ra med bristen p\u00e5 egna bilder ;P Dock fotades det en <em>hel del<\/em> p\u00e5 plats d\u00e4r borta (s\u00e5g \u00e4ven till ett par videokameror), s\u00e5 jag hoppas kunna f\u00e5 tag p\u00e5 dessa bilder p\u00e5 ett eller annat s\u00e4tt under veckans g\u00e5ng!<\/p>\n<p>Men nu k\u00f6r vi med vad jag har att komma med, fr\u00e4mst i historiev\u00e4g. Jag ger er dagens blogginl\u00e4gg: <strong>Modellf\u00f6rest\u00e4llningen &#8211; del 1<\/strong>.<\/p>\n<p><img decoding=\"async\" src=\"http:\/\/i.imgur.com\/trnuWEs.jpg\" alt=\"Modellandet\" \/><\/p>\n<p>Denna fl\u00e5diga byggnad, som hette Shin-puh-kan, infann sig jag och Jeremie vid 8:30 och tr\u00e4ffade s\u00e5v\u00e4l designern Sohyoo som ett par andra, glada studerande fr\u00e5n just KICL! Jag och Jeremie var n\u00e4mligen inte de enda v\u00e4sterl\u00e4nningarna som man hade valt ut fr\u00e5n v\u00e5r skola, dock visade det sig att vi var ensamma som <em>manliga<\/em> modeller &#8211; bland en sis\u00e5d\u00e4r 20-25st tjejer. Intressant, tyckte vi. P\u00e5 riktigt allts\u00e5 &#8211; inte p\u00e5 <em>det<\/em> viset, utan p\u00e5 <em>riktigt<\/em> intressant\/m\u00e4rkligt att vi som killar var en s\u00e5dan extrem minoritet&#8230;<\/p>\n<p>Hursomhelst, Shin-puh-kan visade sig vara en j\u00e4ttestor utomhusgalleria, ett par v\u00e5ningar h\u00f6g, d\u00e4r man p\u00e5 bottenplan hade anordnat f\u00f6ljande scen f\u00f6r sj\u00e4lva modellvisningen:<\/p>\n<p><img decoding=\"async\" src=\"http:\/\/i.imgur.com\/6mnqXbE.jpg\" alt=\"Modellandet\" \/><\/p>\n<p>&#8220;PLAY ON!!&#8221; var namnet f\u00f6r det event som skulle g\u00e5 av stapeln idag &#8211; mellan kl 11 och 18&#8230; &#8220;Jaha&#8221; t\u00e4nkte jag och undrade varf\u00f6r i hela fridens dagar som vi blivit inkallade redan kl 8:30 om nu det h\u00e4r evenemanget \u00e4nd\u00e5 inte skulle starta riktigt \u00e4nnu. Den fr\u00e5gan st\u00e4llde i synnerhet de tv\u00e5 svenska tjejerna Ida och Karin &#8211; vilka hade befunnit sig p\u00e5 plats sedan kl 7 och \u00e4nd\u00e5 hade vi precis samma arbete att utf\u00f6ra: g\u00e5 ut p\u00e5 catwalken. Men men, jag f\u00f6rst\u00e5r ju sj\u00e4lvklart att man vill repetera hur vi ska g\u00e5, eventuella poseringar p\u00e5 scenen, i vilken ordning som nu den h\u00e4r stora gruppen av &#8220;modeller&#8221;\/mannek\u00e4nger skulle visa upp sig osv.<\/p>\n<p>Och det b\u00f6rjade enkelt, mycket enkelt. Sohyoo visade mig och Jeremie ett papper som hade scenen uppritad p\u00e5 sig, med enkla h\u00e4nvisningar om hur vi skulle promenera l\u00e4ngsmed catwalken: Jeremie skulle b\u00f6rja med att g\u00e5 fram till mitten, posera i 10 sekunder, d\u00e4refter forts\u00e4tta \u00e4nda fram, posera ytterligare 10 sekunder, v\u00e4nda p\u00e5 klacken och g\u00e5 hela v\u00e4gen tillbaka. Vid det h\u00e4r \u00f6gonblicket var det min tur att g\u00f6ra precis detsamma, vartefter vi <em>bakom<\/em> scenen gjorde sm\u00e5 justeringar till v\u00e5ra kl\u00e4der innan det var dags f\u00f6r en andra promenad &#8211; med endast <em>ett<\/em> stopp p\u00e5 10 sekunder l\u00e4ngst fram p\u00e5 catwalken.<\/p>\n<p>Sedan var det dags f\u00f6r Sohyoo att ta sig upp p\u00e5 scenen, tacka publiken och s\u00e5 kliver vi tre av den tillsammans. N\u00e4r <em>samtliga<\/em> mannek\u00e4nger d\u00e4refter hade g\u00e5tt sina rundor och visat sina kl\u00e4der, skulle alla upp p\u00e5 scenen f\u00f6r en sista, gemensam runda p\u00e5 catwalken &#8211; som ett avslut p\u00e5 det hela.<\/p>\n<p>Hur enkelt som helst&#8230;<\/p>\n<p><img decoding=\"async\" src=\"http:\/\/i.imgur.com\/9eduugU.jpg\" alt=\"Modellandet\" \/><\/p>\n<p><em>Men<\/em>&#8230;  s\u00e5 f\u00f6rflyttade sig hela gruppen till n\u00e5gon form av konferensbyggnad ett par minuter bort, d\u00e4r vi dels skulle byta om och dels g\u00e5 igenom &#8220;ett par extra detaljer&#8221;. H\u00e4r p\u00e5 bild ser vi Jeremie svida om med assistans fr\u00e5n Sohyoo och jag \u00f6nskar verkligen att jag \u00e4ven hade tagit en bild p\u00e5 den whiteboardtavla som hon anv\u00e4nde till att rita upp &#8220;detaljera&#8221; f\u00f6r hur exakt vi skulle g\u00e5 och f\u00f6ra oss. F\u00f6r jag kan ju s\u00e4ga det att <em>nu<\/em> blev det mycket att h\u00e5lla reda p\u00e5 &#8211; mer \u00e4n bara &#8220;g\u00e5, posera, g\u00e5, l\u00e4mna scenen&#8221; -.-<\/p>\n<p>Helt pl\u00f6tsligt var det n\u00e4mligen viktigt att vi agerade &#8220;coolt&#8221; och &#8220;seri\u00f6st&#8221; vid den f\u00f6rsta uppvisningen\/promenaden &#8211; if\u00f6rd en mycket speciell extra rekvisita i form av varsin l\u00f6smustasch gjord av svart papper. L\u00e4ngst fram p\u00e5 scenen skulle jag <em>den h\u00e4r<\/em> g\u00e5ngen \u00e4ven ta tag i \u00f6verdelen av mitt kl\u00e4desplagg, vilket var <em>\u00f6ppet<\/em> p\u00e5 \u00f6verkroppen, och rycka i det lite s\u00e5d\u00e4r &#8220;coolt&#8221;.<\/p>\n<p>Okej, inga problem.<\/p>\n<p>&#8220;Och s\u00e5 vill jag att ni dansar lite n\u00e4r det \u00e4r dags f\u00f6r det <em>andra<\/em> framtr\u00e4dandet&#8221;<\/p>\n<p>&#8230;<\/p>\n<p>Och d\u00e4r bryter jag dagens inl\u00e4gg, s\u00e5 har ni n\u00e5got att f\u00f6rs\u00f6ka f\u00f6rest\u00e4lla er och verkligen l\u00e4ngta efter inf\u00f6r n\u00e4sta uppdatering &#8211; som kommer s\u00e5 snart som jag har f\u00e5tt tag p\u00e5 \u00e5tminstone <em>en<\/em> bild som visar oss b\u00e5da antingen uppe p\u00e5 scenen, <em>eller<\/em> fr\u00e5n n\u00e4r vi hade kl\u00e4tt upp oss och Sohyoo bad en av arrang\u00f6rerna att ta en bild.<\/p>\n<p>Men ni ska f\u00e5 en sneak peak i form av denna redigerade, omformade bild som jag <em>sj\u00e4lv<\/em> tog innan repetitionerna b\u00f6rjade p\u00e5 allvar:<\/p>\n<p><img decoding=\"async\" src=\"http:\/\/i.imgur.com\/qKUDY4M.jpg\" alt=\"Modellandet\" \/><\/p>\n<p>Au revoir!<\/p>\n<h6 id=\"201402162200\">2014-02-16 22:00<\/h6>\n","protected":false},"excerpt":{"rendered":"<p>Dag 134, Klockan 06:15 p\u00e5 morgonen ringde v\u00e4ckarklockan och jag studsade upp fr\u00e5n s\u00e4ngen &#8211; trots att det idag \u00e4r en s\u00f6ndag och till och med Gud hade ju sovmorgon denna dag! Men s\u00e5 var det ju ocks\u00e5 en alldeles speciell s\u00f6ndag, f\u00f6r idag skulle jag och Jeremie \u00e4ntligen (?) f\u00e5 utf\u00f6ra det modelljobb som vi plockades ut till f\u00f6r n\u00e5gra m\u00e5nader sedan. Och en s\u00e5dan dag det har varit&#8230; herregud s\u00e4ger jag bara och f\u00f6r att citera Jeremie: hade&#8230;<\/p>\n","protected":false},"author":1,"featured_media":0,"comment_status":"open","ping_status":"open","sticky":false,"template":"","format":"standard","meta":{"footnotes":""},"categories":[1],"tags":[],"class_list":["post-1369","post","type-post","status-publish","format-standard","hentry","category-uncategorized"],"_links":{"self":[{"href":"https:\/\/conradargo.me\/index.php?rest_route=\/wp\/v2\/posts\/1369","targetHints":{"allow":["GET"]}}],"collection":[{"href":"https:\/\/conradargo.me\/index.php?rest_route=\/wp\/v2\/posts"}],"about":[{"href":"https:\/\/conradargo.me\/index.php?rest_route=\/wp\/v2\/types\/post"}],"author":[{"embeddable":true,"href":"https:\/\/conradargo.me\/index.php?rest_route=\/wp\/v2\/users\/1"}],"replies":[{"embeddable":true,"href":"https:\/\/conradargo.me\/index.php?rest_route=%2Fwp%2Fv2%2Fcomments&post=1369"}],"version-history":[{"count":0,"href":"https:\/\/conradargo.me\/index.php?rest_route=\/wp\/v2\/posts\/1369\/revisions"}],"wp:attachment":[{"href":"https:\/\/conradargo.me\/index.php?rest_route=%2Fwp%2Fv2%2Fmedia&parent=1369"}],"wp:term":[{"taxonomy":"category","embeddable":true,"href":"https:\/\/conradargo.me\/index.php?rest_route=%2Fwp%2Fv2%2Fcategories&post=1369"},{"taxonomy":"post_tag","embeddable":true,"href":"https:\/\/conradargo.me\/index.php?rest_route=%2Fwp%2Fv2%2Ftags&post=1369"}],"curies":[{"name":"wp","href":"https:\/\/api.w.org\/{rel}","templated":true}]}}