{"id":1412,"date":"2015-10-08T22:25:00","date_gmt":"2015-10-08T22:25:00","guid":{"rendered":"http:\/\/conradargo.me\/?p=1412"},"modified":"2015-10-08T22:25:00","modified_gmt":"2015-10-08T22:25:00","slug":"tillbaka-pa-kicl","status":"publish","type":"post","link":"https:\/\/conradargo.me\/?p=1412","title":{"rendered":"Tillbaka p\u00e5 KICL!"},"content":{"rendered":"<h3 id=\"dag10\">Dag 10,<\/h3>\n<p>Oj en s\u00e5dan dag det har varit, en s\u00e5 l\u00e5ng och underbar och rolig dag! Helt annorlunda fr\u00e5n hur jag f\u00f6rst hade t\u00e4nkt den, hur jag sedan \u00e4ndrade om den och hur den slutligen blev XD<\/p>\n<p>Planen var ju att f\u00f6rst och fr\u00e4mst bes\u00f6ka min gamla skola, KICL, f\u00f6r att dels tr\u00e4ffa en gammal klasskamrat och dels \u00e4ven l\u00e4rare! D\u00e4refter t\u00e4nkte jag att om tid finnes och v\u00e4dret h\u00e5ller i sig s\u00e5 ska jag forts\u00e4tta i nostalgins tecken, genom att \u00e4ven \u00e5terbes\u00f6ka mitt gamla boende samt omr\u00e5det d\u00e4romkring \ud83d\ude42<\/p>\n<p><em>Men<\/em> efter morgonens l\u00f6ptur p\u00e5 6km samt g\u00e5rdagens h\u00e5rda tr\u00e4ningspass &#8211; som l\u00e4mnat hela kroppen riktigt \u00f6m i samtliga muskler &#8211; s\u00e5 k\u00e4nde jag att det h\u00e4r med att spendera en halv dag p\u00e5 att promenera runt i Kohata och Uji&#8230; kanske inte \u00e4r en s\u00e5 smart id\u00e9 om jag inte vill att mina ben ska hata mig \u00e4n en g\u00e5ng X) S\u00e5 d\u00e4rf\u00f6r packade jag ist\u00e4llet en v\u00e4ska med studieb\u00f6cker och best\u00e4mde mig f\u00f6r att helt enkelt \u00e4gna ytterligare en stund \u00e5t att plugga p\u00e5 n\u00e5got caf\u00e9, n\u00e4r jag v\u00e4l hade bes\u00f6kt KICL!<\/p>\n<p><img decoding=\"async\" src=\"http:\/\/i.imgur.com\/bIajEaV.jpg\" alt=\"TITEL\" title=\"\" \/><em>Gatan som jag promenerat och framf\u00f6rallt cyklat l\u00e4ngsmed s\u00e5 m\u00e5nga g\u00e5nger, tillsammans med Jeremie.<\/em><\/p>\n<p>Och nostalgin kickade f\u00f6rst\u00e5s in oerh\u00f6rt snabbt, redan n\u00e4r jag hoppade ombord p\u00e5 t\u00e5get p\u00e5 stationen Shijo h\u00e4r i n\u00e4rheten f\u00f6r att ta mig upp till Demachiyanagi &#8211; samma linje och t\u00e5g som jag alltid tog varje morgon fr\u00e5n Kohata, fast d\u00e5 \u00e4ven med ett byte i Chushojima \ud83d\ude42 Att promenera fr\u00e5n Demachiyanagi&#8230; allts\u00e5, jag mindes fortfarande <em>n\u00e4stan<\/em> hela v\u00e4gen fram till skolan! Det var s\u00e5 mysigt fint att f\u00e5 g\u00f6ra detta igen och n\u00e4r jag kom fram s\u00e5 bara k\u00e4nde jag bara &#8220;wow&#8221; XD<\/p>\n<p><img decoding=\"async\" src=\"http:\/\/i.imgur.com\/d0buLY9.jpg\" alt=\"TITEL\" title=\"\" \/><em>Den stora trappen upp till det designuniversitet som vi fick dela campusomr\u00e5det med.<\/em><\/p>\n<p>Den gamla byggnaden \u00e4r ju dock st\u00e4ngd sedan typ ett \u00e5r tillbaka, ungef\u00e4r, och ist\u00e4llet har en ny skola hunnit resa sig som numera verkligen ligger exakt p\u00e5 campusomr\u00e5det till det n\u00e4rliggande designuniversitetet! P\u00e5 j\u00e4ttetrappan upp till detta omr\u00e5de v\u00e4ntade min f\u00f6rra klasskamrat HsinTing, eller Tin-san som vi helt enkelt kallade henne i klassen ^^ Sjukt kul att f\u00e5 tr\u00e4ffas igen och f\u00f6r just nostalgins skull s\u00e5 gick vi b\u00e5da tv\u00e5 till skolmatsalen f\u00f6r att \u00e4ta lunch!<\/p>\n<p><img decoding=\"async\" src=\"http:\/\/i.imgur.com\/yhI2FAV.jpg\" alt=\"TITEL\" title=\"\" \/><em>Skolans matsal var sig lik!<\/em><\/p>\n<p><img decoding=\"async\" src=\"http:\/\/i.imgur.com\/y3tloKi.jpg\" alt=\"TITEL\" title=\"\" \/><em>Mmm mat som inte bara \u00e4r svinbillig utan ocks\u00e5 v\u00e4ldigt god.<\/em><\/p>\n<p>H\u00e4r satt vi och pratade bort typ 40min ungef\u00e4r innan det var dags att r\u00f6ra p\u00e5 oss. Tin pluggade f\u00f6r \u00f6vrigt fortfarande h\u00e4r p\u00e5 skolan &#8211; dock inte japanska utan nu l\u00e4ste hon p\u00e5 universitetet! \ud83d\ude42 Det visade sig f\u00f6r \u00f6vrigt \u00e4ven att fler fr\u00e5n klassen pluggade i Kyoto, d\u00e4ribland en som numera jobbade med animering! <br \/>\nHursomhelst, eftersom Tin hade en lektion som hon snart beh\u00f6vde g\u00e5 till s\u00e5 b\u00f6rjade vi r\u00f6ra oss mot den nya skolbyggnaden:<\/p>\n<p><img decoding=\"async\" src=\"http:\/\/i.imgur.com\/scr6wIG.jpg\" alt=\"TITEL\" title=\"\" \/><em>KICLs nybyggda lokal s\u00e5g v\u00e4ldigt fr\u00e4sch ut, men verkade n\u00e5got mindre p\u00e5 utsidan.<\/em><\/p>\n<p>Vi hann inte ens in genom d\u00f6rrarna f\u00f6rr\u00e4n vi m\u00f6ttes av en av skolans kontaktpersoner som jag haft en del att g\u00f6ra med, fr\u00e4mst n\u00e4r det g\u00e4llde att st\u00e4lla fr\u00e5gor kring studierna men ocks\u00e5 f\u00f6r att registrera medborgarskap och s\u00e5na saker. Han s\u00e5g <em>sjukt<\/em> f\u00f6rv\u00e5nad ut n\u00e4r han s\u00e5g vem jag var XD Oj s\u00e5 roligt att f\u00e5 se karlns ansikte igen, han var en otroligt bra person att g\u00f6ra med som \u00e4r oerh\u00f6rt pedagogisk n\u00e4r han pratar, tar sin tid att f\u00f6rklara saker, lyssnar ordentligt och hj\u00e4lper till att fylla i meningar n\u00e4r man har sv\u00e5rt f\u00f6r att hitta orden osv. Jag ber\u00e4ttade om vad jag gjorde i Kyoto nu, att jag fortfarande studerade p\u00e5 egen hand och n\u00e4r han fick h\u00f6ra om min 4 veckor l\u00e5nga semester s\u00e5 blev han sjukt avundsjuk och sa att det \u00e4r ju s\u00e5 typiskt Sverige XD F\u00f6r i Japan har man ju extremt f\u00e5 lediga dagar, ofta bara en per vecka &#8211; allts\u00e5 inte ens en hel helg! Och det h\u00e4r med semester&#8230; 1 vecka kontinuerlig ledighet kanske man kan lyckas f\u00e5 och 2 veckor ifall det \u00e4r ett riktigt bra f\u00f6retag >_> Vi tog f\u00f6r \u00f6vrigt en bild ocks\u00e5 av mig framf\u00f6r KICL-loggan som ni ser h\u00e4r ovan, och \u00e4ven Tin l\u00e4t honom ta en bild av oss <em>b\u00e5da tv\u00e5<\/em>! S\u00e5 jag b\u00f6r snart kunna visa upp endera av dessa bilder h\u00e4r p\u00e5 bloggen ^^<\/p>\n<p>D\u00e4refter v\u00e4ntade jag ett par minuter p\u00e5 att min gamla klassf\u00f6rest\u00e5ndare och l\u00e4rare Nagashima skulle avsluta en lektion som han hade. D\u00e4r kan vi ocks\u00e5 s\u00e4ga att det var ett f\u00f6rv\u00e5nat ansikte som m\u00f6tte mig ;D Men \u00e4ven otroligt v\u00e4nligt, som alltid &#8211; \u00e4ven om Nagashima har en tendens att kunna se v\u00e4ldigt strikt och allvarlig ut, men han var absolut en av de roligast och b\u00e4sta p\u00e5 hela skolan \ud83d\ude42 Fantastiskt kul att f\u00e5 b\u00e5de se honom och prata lite, \u00e4ven om det var vansinnigt nerv\u00f6s och jag k\u00e4nde mig s\u00e5 extremt klumpig XD<\/p>\n<p>Och n\u00e4r vi stod d\u00e4r och pratade s\u00e5 fick jag en inbjudan! Man undrade n\u00e4mligen vad mina planer f\u00f6r resten av dagen var och jag ber\u00e4ttade om de tillt\u00e4nkta caf\u00e9studierna, eftersom jag hade ont i benen av morgonens l\u00f6pning 8) D\u00e5 fick jag h\u00f6ra att idag skulle faktiskt v\u00e4lkomst&#8221;partyt&#8221; f\u00f6r alla nya elever h\u00e5llas i skolans matsal kl 17, precis som det var f\u00f6r min egen del f\u00f6r exakt 2 \u00e5r sedan! Och eftersom d\u00e4r var ovanligt f\u00e5 svenskar som hade ans\u00f6kt till skolan i \u00e5r s\u00e5 skulle man hemskt g\u00e4rna se att jag ocks\u00e5 d\u00f6k upp, s\u00e5 fick jag agera lite senior och kunde ber\u00e4tta om min egen tid p\u00e5 KICL ;D Sagt och gjort &#8211; jag gick sj\u00e4lvklart dit!!<\/p>\n<p><img decoding=\"async\" src=\"http:\/\/i.imgur.com\/NdJuXfC.jpg\" alt=\"TITEL\" title=\"\" \/><em>Jag hade ju \u00e4nd\u00e5 mina l\u00e4xb\u00f6cker med mig s\u00e5, det h\u00e4r var ju fortfarande givet ;D<\/em><\/p>\n<p><img decoding=\"async\" src=\"http:\/\/i.imgur.com\/q5T6Fzk.jpg\" alt=\"TITEL\" title=\"\" \/><em>Superbilligt, eget fika p\u00e5 riktigt h\u00e4r p\u00e5 caf\u00e9et inne p\u00e5 campus!<\/em><\/p>\n<p>Men f\u00f6rst gick jag till cafeterian p\u00e5 campus, som Tin tipsade mig om att jag ju kunde g\u00e5 till ist\u00e4llet f\u00f6r n\u00e5got annat caf\u00e9 &#8211; s\u00e5 hade jag n\u00e4ra till matsalen n\u00e4r partyt v\u00e4l skulle h\u00e5llas \ud83d\ude42 Tin sj\u00e4lv hade fler lektioner att g\u00e5 p\u00e5 s\u00e5 vi skiljdes \u00e5t d\u00e4r utanf\u00f6r skolan, men hon d\u00f6k \u00e4ven upp senare i cafeterian och tackade f\u00f6r att vi kunde tr\u00e4ffas igen \ud83d\ude00 Plus att hon hade letat fram en butik d\u00e4r jag skulle kunna hitta Yotsubato-prylar, h\u00e4h\u00e4 &#8211; ett intresse som vi b\u00e5da delar 8)<\/p>\n<p>Jag tog \u00e4ven en kort sv\u00e4ng i omr\u00e5det n\u00e4r jag pausade mellan studierna, bara f\u00f6r att se mig omkring och forts\u00e4tta k\u00e4nna mig s\u00e5d\u00e4r nostalgisk samt 1\u00bd \u00e5r yngre ^&#95;&#95;&#95;&#95;^<\/p>\n<p>Men ja, nu har jag faktiskt inga bilder fr\u00e5n sj\u00e4lva partyt &#8211; det \u00e4r s\u00e5nt som l\u00e4rarna tog och jag f\u00f6rv\u00e4ntar mig dyker upp p\u00e5 skolans Facebook redan imorgon, men lovar att ladda upp dem h\u00e4r!<\/p>\n<p>Jag kan i varje fall s\u00e4ga att det var otroligt roligt att f\u00e5 g\u00e5 dit och prata med folk, framf\u00f6rallt d\u00e5 jag tr\u00e4ffade tv\u00e5 svenskar och en av dessa, Rebecca, k\u00e4nde lustigt nog igen mig &#8211; f\u00f6r hon hade l\u00e4st min blogg inf\u00f6r spr\u00e5kresan!! Rebecca gjorde n\u00e4mligen p\u00e5 samma vis som jag sj\u00e4lv tiden innan jag \u00e5kte hit och pluggade; googlade p\u00e5 bloggar f\u00f6r att l\u00e4sa lite om livet i Kyoto och d\u00e4rmed f\u00e5 lite k\u00f6tt p\u00e5 benen. Roligt nog hade hon allts\u00e5 hittat min blogg och l\u00e4st och nu helt pl\u00f6tsligt satt jag d\u00e4r bredvid henne och kunde svara p\u00e5 alla fr\u00e5gor hon hade, samt ber\u00e4tta om min egen upplevelse i Kyoto och med just den h\u00e4r skolan ^^ Astrevlig och rolig att prata med, s\u00e5 vi har utbytt Facebook och jag sa att hon kunde fr\u00e5ga om precis vad som helst! \ud83d\ude00<\/p>\n<p>En fin dag fr\u00e5n b\u00f6rjan till slut, har det varit! Men nu \u00e4r jag tr\u00f6tt, det ska s\u00e4gas, \u00e4ven om jag f\u00e5tt sitta mycket och det \u00e4r benen v\u00e4ldigt tacksamma f\u00f6r ;D Ni f\u00e5r ett par extra bilder h\u00e4r nedanf\u00f6r att kolla igenom som jag tog p\u00e5 och runtomkring campusomr\u00e5det, men jag s\u00e4ger nu &#8220;oyasumi nasai&#8221; och g\u00e5r och l\u00e4gger mig!<\/p>\n<h6 id=\"201510082225\">2015-10-08 22:25<\/h6>\n<p><img decoding=\"async\" src=\"http:\/\/i.imgur.com\/RC31CpD.jpg\" alt=\"TITEL\" title=\"\" \/><em>P\u00e5 v\u00e4g till skolan fr\u00e5n Demachiyanagi.<\/em><\/p>\n<p><img decoding=\"async\" src=\"http:\/\/i.imgur.com\/GC1i8aw.jpg\" alt=\"TITEL\" title=\"\" \/><em>N\u00e4stan framme vid skolan!<\/em><\/p>\n<p><img decoding=\"async\" src=\"http:\/\/i.imgur.com\/LVK2fyv.jpg\" alt=\"TITEL\" title=\"\" \/><em>Mums-bageriet mitt emot ^^<\/em><\/p>\n<p><img decoding=\"async\" src=\"http:\/\/i.imgur.com\/ogruueU.jpg\" alt=\"TITEL\" title=\"\" \/><em>Skolans stora cykelparkering.<\/em><\/p>\n<p><img decoding=\"async\" src=\"http:\/\/i.imgur.com\/eEFkeD0.jpg\" alt=\"TITEL\" title=\"\" \/><em>Utsikt uppifr\u00e5n trapporna till campusomr\u00e5det \ud83d\ude00<\/em><\/p>\n<p><img decoding=\"async\" src=\"http:\/\/i.imgur.com\/6QwI53v.jpg\" alt=\"TITEL\" title=\"\" \/><em>Eleverna p\u00e5 universitetet i full sj\u00e5 med sina stora konstprojekt!<\/em><\/p>\n<p><img decoding=\"async\" src=\"http:\/\/i.imgur.com\/xAjh9DP.jpg\" alt=\"TITEL\" title=\"\" \/><em>Eleverna p\u00e5 universitetet i full sj\u00e5 med sina stora konstprojekt!<\/em><\/p>\n<p><img decoding=\"async\" src=\"http:\/\/i.imgur.com\/jjJaw2N.jpg\" alt=\"TITEL\" title=\"\" \/><em>Eleverna p\u00e5 universitetet i full sj\u00e5 med sina stora konstprojekt!<\/em><\/p>\n<p><img decoding=\"async\" src=\"http:\/\/i.imgur.com\/EEWnzmU.jpg\" alt=\"TITEL\" title=\"\" \/><em>Eleverna p\u00e5 universitetet i full sj\u00e5 med sina stora konstprojekt!<\/em><\/p>\n","protected":false},"excerpt":{"rendered":"<p>Dag 10, Oj en s\u00e5dan dag det har varit, en s\u00e5 l\u00e5ng och underbar och rolig dag! Helt annorlunda fr\u00e5n hur jag f\u00f6rst hade t\u00e4nkt den, hur jag sedan \u00e4ndrade om den och hur den slutligen blev XD Planen var ju att f\u00f6rst och fr\u00e4mst bes\u00f6ka min gamla skola, KICL, f\u00f6r att dels tr\u00e4ffa en gammal klasskamrat och dels \u00e4ven l\u00e4rare! D\u00e4refter t\u00e4nkte jag att om tid finnes och v\u00e4dret h\u00e5ller i sig s\u00e5 ska jag forts\u00e4tta i nostalgins tecken,&#8230;<\/p>\n","protected":false},"author":1,"featured_media":0,"comment_status":"open","ping_status":"open","sticky":false,"template":"","format":"standard","meta":{"footnotes":""},"categories":[1],"tags":[],"class_list":["post-1412","post","type-post","status-publish","format-standard","hentry","category-uncategorized"],"_links":{"self":[{"href":"https:\/\/conradargo.me\/index.php?rest_route=\/wp\/v2\/posts\/1412","targetHints":{"allow":["GET"]}}],"collection":[{"href":"https:\/\/conradargo.me\/index.php?rest_route=\/wp\/v2\/posts"}],"about":[{"href":"https:\/\/conradargo.me\/index.php?rest_route=\/wp\/v2\/types\/post"}],"author":[{"embeddable":true,"href":"https:\/\/conradargo.me\/index.php?rest_route=\/wp\/v2\/users\/1"}],"replies":[{"embeddable":true,"href":"https:\/\/conradargo.me\/index.php?rest_route=%2Fwp%2Fv2%2Fcomments&post=1412"}],"version-history":[{"count":0,"href":"https:\/\/conradargo.me\/index.php?rest_route=\/wp\/v2\/posts\/1412\/revisions"}],"wp:attachment":[{"href":"https:\/\/conradargo.me\/index.php?rest_route=%2Fwp%2Fv2%2Fmedia&parent=1412"}],"wp:term":[{"taxonomy":"category","embeddable":true,"href":"https:\/\/conradargo.me\/index.php?rest_route=%2Fwp%2Fv2%2Fcategories&post=1412"},{"taxonomy":"post_tag","embeddable":true,"href":"https:\/\/conradargo.me\/index.php?rest_route=%2Fwp%2Fv2%2Ftags&post=1412"}],"curies":[{"name":"wp","href":"https:\/\/api.w.org\/{rel}","templated":true}]}}