{"id":1423,"date":"2015-10-23T00:25:00","date_gmt":"2015-10-23T00:25:00","guid":{"rendered":"http:\/\/conradargo.me\/?p=1423"},"modified":"2015-10-23T00:25:00","modified_gmt":"2015-10-23T00:25:00","slug":"cafestudier-och-polisman","status":"publish","type":"post","link":"https:\/\/conradargo.me\/?p=1423","title":{"rendered":"Caf\u00e9studier och polism\u00e4n!"},"content":{"rendered":"<h3 id=\"dag25\">Dag 25,<\/h3>\n<p>Intressant titel p\u00e5 dagens inl\u00e4gg, hmm?? N\u00e4stan lika intressant som att jag faktiskt sitter h\u00e4r efter kl 23 och skriver! Vad h\u00e5ller Tomas egentligen p\u00e5 med, kanske n\u00e5gra av er fr\u00e5gar sig, och jag har svaren p\u00e5 aaalla era fr\u00e5gor&#8230; eller \u00e5tminstone just <em>den d\u00e4r<\/em> X)<\/p>\n<p><img decoding=\"async\" src=\"http:\/\/i.imgur.com\/mA3Gtt0.jpg\" alt=\"TITEL\" title=\"\" \/><em>Panorama \u00f6ver Kamo-floden n\u00e4ra Demachiyanagi<\/em><\/p>\n<p>F\u00f6rst och fr\u00e4mst, dagens planer: att ta sig till det caf\u00e9 kring Demachiyanagi-omr\u00e5det som jag f\u00e5tt h\u00f6ra talas om fr\u00e5n Rebecca &#8211; den d\u00e4r astrevliga (citat fr\u00e5n mig) svenska tjejen som jag ju tr\u00e4ffade n\u00e4r jag <a href=\"http:\/\/conradargo.me\/tillbaka-p%C3%A5-kicl\/\">\u00e5terbes\u00f6kte min gamla skola<\/a> f\u00f6r cirka tv\u00e5 veckor sedan \ud83d\ude42 N\u00e4r vi har sm\u00e5spr\u00e5kats p\u00e5 Facebook s\u00e5 har Rebecca n\u00e4mligen ofta befunnit sig p\u00e5 ett bokcaf\u00e9 som ligger n\u00e4ra s\u00e5v\u00e4l skolan som hennes boplats och eftersom s\u00e5 mycket av hennes fritid spenderades h\u00e4r, blev jag f\u00f6rst\u00e5s lite nyfiken p\u00e5 vad detta var f\u00f6r ett st\u00e4lle! S\u00e5ledes begav jag mig idag iv\u00e4g &#8211; ut i det fantastiska v\u00e4dret som vi hade (igen) &#8211; efter att \u00e4nd\u00e5 ha planerat att bara ta det lugnt denna fredag och f\u00e5 en massa pluggat!<\/p>\n<p><iframe loading=\"lazy\" width=\"420\" height=\"315\" src=\"https:\/\/www.youtube.com\/embed\/lKpv0--SS-U\" frameborder=\"0\" allowfullscreen><\/iframe><\/p>\n<p>Fr\u00e5n g\u00e4sthuset d\u00e4r jag bor tog det 20-25 minuter ungef\u00e4r att ta sig till caf\u00e9et, som l\u00e5g typ 7km bort. En bit att cykla med andra ord, ja, men allts\u00e5 jag \u00e4r ju direkt inte den som bangar p\u00e5 lite fysisk tr\u00e4ning &#8211; eller ett bra caf\u00e9! ;D Och i det h\u00e4r v\u00e4dret ocks\u00e5 s\u00e5 var det ganska sagolikt att f\u00e5 ta sig fram p\u00e5 det h\u00e4r viset. Faktum \u00e4r att n\u00e4r jag n\u00e4rmade mig just t\u00e5gstationen Demachiyanagi s\u00e5 hoppade jag av cykeln f\u00f6r att l\u00e4gga mig p\u00e5 en av j\u00e4tteb\u00e4nkarna (snarare bord med tanke p\u00e5 utformningen) som stod d\u00e4r l\u00e4ngsmed flodbanken. Av med linnet, upp p\u00e5 bordet, sola lite i typ 20-30 min ^^ <em>D\u00e4r<\/em> kunde heller inte n\u00e5gon polis komma springandes och be mig ta p\u00e5 mig n\u00e5gonting p\u00e5 \u00f6verkroppen &#8211; som f\u00f6r tv\u00e5 \u00e5r sedan n\u00e4r jag uppt\u00e4ckte att det h\u00e4r med att vara barbr\u00f6stad ute bland folk <em>inte<\/em> \u00e4r helt accepterat i Japan! X) Poliser <em>skulle<\/em> dock visa sig dyka upp senare under dagen&#8230;<\/p>\n<p><img decoding=\"async\" src=\"http:\/\/i.imgur.com\/NAXlp6C.jpg\" alt=\"TITEL\" title=\"\" \/>* \u5927\u57a3\u66f8\u5e97 &amp; Cafe*<\/p>\n<p>Men sedan kom jag allts\u00e5 fram till det ber\u00f6mda, omtalade caf\u00e9et! Och det s\u00e5g himla mysigt ut h\u00e4r inne, s\u00e5 jag f\u00f6rstod genast varf\u00f6r Rebecca tyckte om att sitta h\u00e4r \ud83d\ude00 Det ska s\u00e4gas att jag faktiskt k\u00e4nde ett betydligt st\u00f6rre lugn och fann milj\u00f6n vara b\u00e4ttre \u00e4n p\u00e5 Starbucks vid Yodobashi, som jag ju har h\u00e4ngt vid mest hela tiden sedan jag kom hit till landet. Starbucks \u00e4r s\u00e5 v\u00e4ldigt livligt eftersom det dels \u00e4r st\u00f6rre, dels ligger centralt. H\u00e4r p\u00e5 \u5927\u57a3\u66f8\u5e97 &amp; Cafe var det oerh\u00f6rt lugnt och trivsamt, f\u00f6rmodligen f\u00f6r att det dessutom hade en bokaff\u00e4r intill sig och d\u00e4r var det \u00f6verlag en mycket tystl\u00e5ten atmosf\u00e4r. Plus att det som sagt inte ligger mitt i centrala stan, till skillnad fr\u00e5n Starbucks \ud83d\ude42<\/p>\n<p>B\u00f6rjade med att \u00e4ta en riktigt god pastalunch h\u00e4r (hade dock uppskattat mer mat p\u00e5 tallriken, men s\u00e5 \u00e4r det med pasta i Japan) och d\u00e4refter slog jag upp studieb\u00f6ckerna! Ungef\u00e4r tv\u00e5 timmar efter att ha kommit hit, k\u00e4nde jag pl\u00f6tsligt n\u00e5gonting v\u00e4ldigt kallt mot nacken och det visade sig vara en petflaska med te &#8211; som Rebecca h\u00f6ll i XD Jag var s\u00e5 pass inne i mitt lilla grammatikprov just d\u00e5 att jag inte ens m\u00e4rkte hur hon sm\u00f6g upp bakom mig ^^<\/p>\n<p><img decoding=\"async\" src=\"http:\/\/i.imgur.com\/JI38pNL.jpg\" alt=\"TITEL\" title=\"\" \/><em><br \/>&#8220;Hej kom och hj\u00e4lp mig&#8221;-bilden \ud83d\ude1b<\/em><\/p>\n<p>Och h\u00e4r blev vi sittande &#8211; i 8 timmar! \u00c4nda tills personalen sa till oss att &#8220;urs\u00e4kta men vi st\u00e4nger faktiskt nu&#8221; XD Jag sj\u00e4lv spenderade allts\u00e5 totalt 10 timmar h\u00e4r! Men det var ocks\u00e5 en av de trevligaste och b\u00e4sta dagar jag haft h\u00e4r i Kyoto, \u00e4ven om jag nu ser typ neddrogad ut p\u00e5 den h\u00e4r bilden medan Rebecca d\u00e4remot \u00e4r lika glad och s\u00f6t som hon var p\u00e5 KICL ^^<\/p>\n<p>Under denna tid blev det \u00f6msom pluggande, \u00f6msom pratande. Rebecca gjorde sina faktiska l\u00e4xor medan jag avslutade mitt &#8220;prov&#8221; och d\u00e4refter repeterade <em>hela<\/em> den f\u00f6rsta Minna no Nihongo! L\u00e4ste igenom alla glosor och all grammatik. F\u00f6rv\u00e5nades \u00f6ver hur pass m\u00e5nga ord och grejer som jag fortfarande kom ih\u00e5g. K\u00e4nns sk\u00f6nt att veta att det faktiskt sitter kvar d\u00e4r n\u00e5gonstans i bakhuvudet, f\u00f6r ibland undrar jag verkligen hur pass l\u00e4nge jag egentligen <em>har<\/em> h\u00e5llit p\u00e5 med mina studier &#8211; s\u00e5 d\u00e5lig som jag kan vara p\u00e5 att s\u00e5v\u00e4l tala som att uppfatta vad folk s\u00e4ger till mig!? X)<\/p>\n<p>V\u00e4ldigt effektiv dag rent studiem\u00e4ssigt med andra ord och det var s\u00e5 rolig att f\u00e5 g\u00f6ra det i s\u00e4llskap ocks\u00e5! \u00c4ven om vi nu b\u00e5da sj\u00f6nk in fullst\u00e4ndigt i japanskan emellan\u00e5t s\u00e5 gjorde det s\u00e5 mycket att bara ha n\u00e5gon bredvid sig p\u00e5 det d\u00e4r viset, som man ibland kunde v\u00e4nda sig till bara f\u00f6r att f\u00e5 rensa huvudet och piggna till genom att spr\u00e5kas lite \ud83d\ude42<\/p>\n<p><img decoding=\"async\" src=\"http:\/\/i.imgur.com\/7oDaVFM.jpg\" alt=\"TITEL\" title=\"\" \/><em>Kv\u00e4llsmaten vid 21-sn\u00e5ret varp\u00e5 jag tog itu med de sista kapitlen.<\/em><\/p>\n<p>Men n\u00e4r vi sedan skiljdes \u00e5t och cyklade iv\u00e4g \u00e5t varsitt h\u00e5ll s\u00e5 h\u00e4nde det. Jag har nu blivit &#8220;jagad&#8221; av polis <em>tv\u00e5<\/em> g\u00e5nger i Japan, s\u00e5 det h\u00e4r b\u00f6rjar allts\u00e5 bli en trend som sker var g\u00e5ng jag kommer till landet XD<\/p>\n<p>Jag hann n\u00e4mligen bara cykla knappt 20 meter s\u00e5 h\u00f6rde jag n\u00e5gon bakom mig som kom springandes. Det var en polisman som ville dubbelkolla var l\u00e5set p\u00e5 cykeln satt, att jag hade nyckeln till detta och framf\u00f6rallt: att cykeln faktiskt stod registrerad p\u00e5 mig. F\u00f6r ni som \u00e4ven har f\u00f6ljt mina <em>gamla<\/em> blogginl\u00e4gg fr\u00e5n studieperioden vet ju att alla cyklar h\u00e4r blir registrerade p\u00e5 sin \u00e4gare n\u00e4r man k\u00f6per dem! <br \/>\nFast&#8230; den h\u00e4r cykeln \u00e4r ju dock k\u00f6pt fr\u00e5n de som sk\u00f6ter g\u00e4sthuset d\u00e4r jag bor. Allts\u00e5 finns d\u00e4r inga registreringsbevis eller papper p\u00e5 \u00e4gandeskap &#8211; jag bara \u00f6verr\u00e4ckte 3000 Yen och fick en cykelnyckel i utbyte. Att f\u00f6rklara allt detta, p\u00e5 japanska, tog &#8220;lite tid&#8221;. Efter ungef\u00e4r 10 minuter d\u00e4r ute p\u00e5 gatan i m\u00f6rkret s\u00e5 d\u00f6k ytterligare en polisman upp. Och d\u00e4refter en tredje&#8230; X) Sedan leddes jag iv\u00e4g till ett v\u00e4ldigt n\u00e4rliggande litet polisb\u00e5s\/kontor d\u00e4r jag fick parkera cykeln och kliva in i f\u00f6r att s\u00e4tta mig ned. Samtidigt som en <em>fj\u00e4rde<\/em> polisman d\u00f6k upp!<\/p>\n<p>Orolig? Jag? D\u00e4r och d\u00e5? Allts\u00e5&#8230; lite ja XD Men jag hade ju som ingenting att egentligen oroa mig f\u00f6r eftersom allt hade g\u00e5tt r\u00e4tt till, s\u00e5 vitt jag visste, och cykeln verkligen var <em>min<\/em>. Jag saknade dock bra medel f\u00f6r att styrka detta och det var knappt s\u00e5 att jag kom ih\u00e5g namnet p\u00e5 personen som jag tr\u00e4ffade h\u00e4r f\u00f6rsta dagen \u00e5 k\u00f6pte cykeln samt fick nycklarna till mitt rum av.<\/p>\n<p>Hursomhelst, efter ungef\u00e4r 20 minuter (totalt) sl\u00e4ppte man iv\u00e4g mig. D\u00e5 var allting tydligen under kontroll och man \u00f6nskade mig en f\u00f6rsiktig cykeltur samt tackade f\u00f6r samarbetet. Det blev v\u00e4ldigt komiskt n\u00e4r en av dem fr\u00e5gade hur l\u00e4nge jag skulle stanna i landet och jag f\u00f6rklarade att jag kommit hit f\u00f6r tre veckor sedan och skulle \u00e5ka hem p\u00e5 m\u00e5ndag. Liksom, av alla dagar och kv\u00e4llar som det h\u00e4r kunde h\u00e4nda p\u00e5, s\u00e5 sker det f\u00f6rst\u00e5s med bara tre dagar kvar i landet X&#8217;D<\/p>\n<p>Men ja, det gick som sagt bra till sist och jag tog mig hela v\u00e4gen hem! Nu ska jag f\u00f6rst\u00e5s sova ordentligt men ville bara f\u00e5 detta &#8220;rapporterat&#8221; f\u00f6rst eftersom morgondagens inl\u00e4gg kommer att handla om en massa andra roligheter, som jag har planerade med Manabu och Andrew fr\u00e5n hajken!<\/p>\n<p>Mer om den saken imorgon \ud83d\ude00<\/p>\n<p>God natt!<\/p>\n<h6 id=\"201510230025\">2015-10-23 00:25<\/h6>\n","protected":false},"excerpt":{"rendered":"<p>Dag 25, Intressant titel p\u00e5 dagens inl\u00e4gg, hmm?? N\u00e4stan lika intressant som att jag faktiskt sitter h\u00e4r efter kl 23 och skriver! Vad h\u00e5ller Tomas egentligen p\u00e5 med, kanske n\u00e5gra av er fr\u00e5gar sig, och jag har svaren p\u00e5 aaalla era fr\u00e5gor&#8230; eller \u00e5tminstone just den d\u00e4r X) Panorama \u00f6ver Kamo-floden n\u00e4ra Demachiyanagi F\u00f6rst och fr\u00e4mst, dagens planer: att ta sig till det caf\u00e9 kring Demachiyanagi-omr\u00e5det som jag f\u00e5tt h\u00f6ra talas om fr\u00e5n Rebecca &#8211; den d\u00e4r astrevliga (citat fr\u00e5n&#8230;<\/p>\n","protected":false},"author":1,"featured_media":0,"comment_status":"open","ping_status":"open","sticky":false,"template":"","format":"standard","meta":{"footnotes":""},"categories":[1],"tags":[],"class_list":["post-1423","post","type-post","status-publish","format-standard","hentry","category-uncategorized"],"_links":{"self":[{"href":"https:\/\/conradargo.me\/index.php?rest_route=\/wp\/v2\/posts\/1423","targetHints":{"allow":["GET"]}}],"collection":[{"href":"https:\/\/conradargo.me\/index.php?rest_route=\/wp\/v2\/posts"}],"about":[{"href":"https:\/\/conradargo.me\/index.php?rest_route=\/wp\/v2\/types\/post"}],"author":[{"embeddable":true,"href":"https:\/\/conradargo.me\/index.php?rest_route=\/wp\/v2\/users\/1"}],"replies":[{"embeddable":true,"href":"https:\/\/conradargo.me\/index.php?rest_route=%2Fwp%2Fv2%2Fcomments&post=1423"}],"version-history":[{"count":0,"href":"https:\/\/conradargo.me\/index.php?rest_route=\/wp\/v2\/posts\/1423\/revisions"}],"wp:attachment":[{"href":"https:\/\/conradargo.me\/index.php?rest_route=%2Fwp%2Fv2%2Fmedia&parent=1423"}],"wp:term":[{"taxonomy":"category","embeddable":true,"href":"https:\/\/conradargo.me\/index.php?rest_route=%2Fwp%2Fv2%2Fcategories&post=1423"},{"taxonomy":"post_tag","embeddable":true,"href":"https:\/\/conradargo.me\/index.php?rest_route=%2Fwp%2Fv2%2Ftags&post=1423"}],"curies":[{"name":"wp","href":"https:\/\/api.w.org\/{rel}","templated":true}]}}