{"id":1461,"date":"2020-10-29T21:00:00","date_gmt":"2020-10-29T21:00:00","guid":{"rendered":"http:\/\/conradargo.me\/?p=1461"},"modified":"2026-03-18T14:02:31","modified_gmt":"2026-03-18T14:02:31","slug":"forsenade-stora-planer","status":"publish","type":"post","link":"https:\/\/conradargo.me\/?p=1461","title":{"rendered":"F\u00f6rsenade, stora planer!"},"content":{"rendered":"<p>Hall\u00e5 allesammans, ni som bes\u00f6ker den h\u00e4r bloggen lite nu och d\u00e5 eller bara har snubblat in v\u00e4ldigt nyligen, och som inte k\u00e4nner mig privat nog att veta vad jag t\u00e4nker och planerar!<\/p>\n<p>Visst var det v\u00e4l l\u00e4nge sedan nu, va? Som jag senast reste till det fantastiska (snudd p\u00e5 f\u00f6rlovade) landet Japan. Vadan detta? \u00c4r jag restr\u00f6tt? \u00c4r jag Japan-tr\u00f6tt? Har n\u00e5gonting h\u00e4nt med livet eller bara lustan? Nej, absolut ingenting av det!<\/p>\n<p>Faktum \u00e4r att jag hade s\u00e5v\u00e4l en ny resa <em>som<\/em> plats p\u00e5 en ny spr\u00e5kskola inbokad och klar f\u00f6r ganska exakt ett \u00e5r sedan! En s\u00e5dan lycka, en s\u00e5dan eufori &#8211; att \u00e4ntligen f\u00e5 \u00e5terv\u00e4nda till Japan under en l\u00e4ngre period och kunna \u00e5teruppleva den d\u00e4r fantastiska k\u00e4nslan och privilegiet av att faktiskt bo d\u00e4r! Meningen var att jag skulle resa iv\u00e4g i mitten p\u00e5 april detta \u00e5r och \u00e5terv\u00e4nda hem till Sverige igen i oktober. Dessutom till en helt ny region och stad: n\u00e4rmare best\u00e4mt norra Japan och den stora, moderna staden Sapporo.<\/p>\n<p><img loading=\"lazy\" decoding=\"async\" class=\"alignnone size-large wp-image-1477\" src=\"http:\/\/conradargo.me\/wp-content\/uploads\/2020\/10\/Sapporo-1024x341.jpg\" alt=\"\" width=\"960\" height=\"320\" srcset=\"https:\/\/conradargo.me\/wp-content\/uploads\/2020\/10\/Sapporo-1024x341.jpg 1024w, https:\/\/conradargo.me\/wp-content\/uploads\/2020\/10\/Sapporo-300x100.jpg 300w, https:\/\/conradargo.me\/wp-content\/uploads\/2020\/10\/Sapporo-768x256.jpg 768w, https:\/\/conradargo.me\/wp-content\/uploads\/2020\/10\/Sapporo-1536x512.jpg 1536w, https:\/\/conradargo.me\/wp-content\/uploads\/2020\/10\/Sapporo-1140x380.jpg 1140w, https:\/\/conradargo.me\/wp-content\/uploads\/2020\/10\/Sapporo.jpg 1680w\" sizes=\"auto, (max-width: 960px) 100vw, 960px\" \/><\/p>\n<p>Men s\u00e5 h\u00e4nde n\u00e5gonting, ja <em>tv\u00e5<\/em> saker dessutom! Den f\u00f6rsta saken var faktiskt <em>inte<\/em> Covid-19, utan ist\u00e4llet att jag r\u00e5kade tr\u00e4ffa n\u00e5gon som jag nu i skrivande stund bor tillsammans med :3<br \/>\nTill en b\u00f6rjan, tidigt i f\u00f6rh\u00e5llandet, k\u00e4ndes det faktiskt helt okej att spendera tid ifr\u00e5n varandra under ett halv\u00e5r och min partner var v\u00e4l medveten om hur mycket jag hade sett fram emot spr\u00e5kresan. Men ju mer vi tr\u00e4ffades desto jobbigare blev denna tanke f\u00f6r oss b\u00e5da och eftersom Covid-19 redan d\u00e5 hade visat sitt fula tryne &#8211; samt b\u00f6rjat skapa en del oroligheter runtom i v\u00e4rlden &#8211; s\u00e5 fick det helt enkelt bli s\u00e5 att jag avbokade min inplanerade resa (det flyget skulle hursomhelst visa sig bli inst\u00e4llt av flygbolaget bara tre veckor senare).<\/p>\n<p>Och d\u00e4r befinner jag mig allts\u00e5 fortfarande, s\u00e5klart, oviss om n\u00e4r det hela egentligen kommer att l\u00e4gga sig &#8211; om det ser b\u00e4ttre ut om ett halv\u00e5r eller <em>ett \u00e5r<\/em>. Jag som dessutom valde att avst\u00e5 fr\u00e5n att resa till Japan under 2019 <em>enbart<\/em> f\u00f6r att f\u00e5 en st\u00f6rre reskassa till 2020! S\u00e5 saknaden jag nu k\u00e4nner \u00e4r f\u00f6rst\u00e5s lika enorm som den \u00e4r fruktansv\u00e4rd&#8230;<\/p>\n<p>Troligtvis blir det ingen <em>spr\u00e5kresa<\/em> under 2021, utan &#8220;bara&#8221; ett kortare bes\u00f6k p\u00e5 2-3 veckor. Detta fr\u00e4mst p\u00e5 grund av alla utgifter som har varit i och med mitt nuvarande tillst\u00e5nd som sambo &#8211; i en helt ny l\u00e4genhet! Men jag h\u00e5ller h\u00e5rt i framtidsplanerna p\u00e5 att f\u00e5 till en ny spr\u00e5kresa, och hoppas kunna f\u00f6rs\u00f6ka p\u00e5 nytt 2022 ist\u00e4llet. S\u00e5 l\u00e4nge som jag f\u00e5r \u00e5terse Japan p\u00e5 <em>n\u00e5got<\/em> vis under 2021 s\u00e5 r\u00e4cker det f\u00f6r tillf\u00e4llet, speciellt n\u00e4r framtidens resande osv \u00e4r s\u00e5 oviss \ud83d\ude42<\/p>\n<p>Oavsett <em>anledning<\/em> till varf\u00f6r jag tar mig till Japan n\u00e4sta g\u00e5ng s\u00e5 \u00e4r en sak i alla fall v\u00e4ldigt s\u00e4ker: att denna blogg blir \u00e5teruppv\u00e4ckt!<\/p>\n<p>Mata ne!<\/p>\n<p><strong>2020-10-29 21:00<\/strong><\/p>\n","protected":false},"excerpt":{"rendered":"<p>Hall\u00e5 allesammans, ni som bes\u00f6ker den h\u00e4r bloggen lite nu och d\u00e5 eller bara har snubblat in v\u00e4ldigt nyligen, och som inte k\u00e4nner mig privat nog att veta vad jag t\u00e4nker och planerar! Visst var det v\u00e4l l\u00e4nge sedan nu, va? Som jag senast reste till det fantastiska (snudd p\u00e5 f\u00f6rlovade) landet Japan. Vadan detta? \u00c4r jag restr\u00f6tt? \u00c4r jag Japan-tr\u00f6tt? Har n\u00e5gonting h\u00e4nt med livet eller bara lustan? Nej, absolut ingenting av det! Faktum \u00e4r att jag hade s\u00e5v\u00e4l&#8230;<\/p>\n","protected":false},"author":1,"featured_media":0,"comment_status":"open","ping_status":"open","sticky":false,"template":"","format":"standard","meta":{"footnotes":""},"categories":[1],"tags":[],"class_list":["post-1461","post","type-post","status-publish","format-standard","hentry","category-uncategorized"],"_links":{"self":[{"href":"https:\/\/conradargo.me\/index.php?rest_route=\/wp\/v2\/posts\/1461","targetHints":{"allow":["GET"]}}],"collection":[{"href":"https:\/\/conradargo.me\/index.php?rest_route=\/wp\/v2\/posts"}],"about":[{"href":"https:\/\/conradargo.me\/index.php?rest_route=\/wp\/v2\/types\/post"}],"author":[{"embeddable":true,"href":"https:\/\/conradargo.me\/index.php?rest_route=\/wp\/v2\/users\/1"}],"replies":[{"embeddable":true,"href":"https:\/\/conradargo.me\/index.php?rest_route=%2Fwp%2Fv2%2Fcomments&post=1461"}],"version-history":[{"count":3,"href":"https:\/\/conradargo.me\/index.php?rest_route=\/wp\/v2\/posts\/1461\/revisions"}],"predecessor-version":[{"id":1478,"href":"https:\/\/conradargo.me\/index.php?rest_route=\/wp\/v2\/posts\/1461\/revisions\/1478"}],"wp:attachment":[{"href":"https:\/\/conradargo.me\/index.php?rest_route=%2Fwp%2Fv2%2Fmedia&parent=1461"}],"wp:term":[{"taxonomy":"category","embeddable":true,"href":"https:\/\/conradargo.me\/index.php?rest_route=%2Fwp%2Fv2%2Fcategories&post=1461"},{"taxonomy":"post_tag","embeddable":true,"href":"https:\/\/conradargo.me\/index.php?rest_route=%2Fwp%2Fv2%2Ftags&post=1461"}],"curies":[{"name":"wp","href":"https:\/\/api.w.org\/{rel}","templated":true}]}}